{"id":469527,"date":"2025-10-03T08:09:12","date_gmt":"2025-10-03T08:09:12","guid":{"rendered":"https:\/\/www.europesays.com\/de\/469527\/"},"modified":"2025-10-03T08:09:12","modified_gmt":"2025-10-03T08:09:12","slug":"usa-aufruf-gegen-feindseligkeit-und-politische-gewalt","status":"publish","type":"post","link":"https:\/\/www.europesays.com\/de\/469527\/","title":{"rendered":"USA: Aufruf gegen Feindseligkeit und politische Gewalt"},"content":{"rendered":"<p>Vor dem Hintergrund von Polarisierung und wachsender politischen Gewalt in den Vereinigten Staaten hat der Vorsitzende der katholischen US-Bischofskonferenz (USCCB) zur Achtung der unbedingten W\u00fcrde jedes Menschen gemahnt.<\/p>\n<p>\u201eIch bitte jeden Amerikaner, \u00fcber den Wert jedes menschlichen Lebens nachzudenken. Ich bitte Sie, Christus in jedem Menschen zu sehen, auch in denen, deren politische Ansichten Sie ablehnen\u201c, betonte Erzbischof Timothy Broglio in einer von USCCB am 1. Oktober ver\u00f6ffentlichten Botschaft.<\/p>\n<p>Der Bischofskonferenz-Vorsitzende ver\u00f6ffentlichte seine Gedanken in Form von \u00dcberlegungen aus Anlass des f\u00fcnften Jahrestags der Enzyklika <a href=\"https:\/\/www.vatican.va\/content\/francesco\/de\/encyclicals\/documents\/papa-francesco_20201003_enciclica-fratelli-tutti.html\" rel=\"external noopener\" target=\"_blank\">\u201eFratelli tutt<\/a>i\u201c. Papst Franziskus (2013-2025) hatte das Lehrschreiben \u201e\u00dcber Geschwisterlichkeit und soziale Freundschaft\u201c am 3. Oktober 2020 ver\u00f6ffentlicht.<\/p>\n<p>Gesellschaftliche Gr\u00e4ben \u00fcberwinden <\/p>\n<p>Eindringlich rief Broglio zu Schritten auf, um gesellschaftliche Gr\u00e4ben zu \u00fcberwinden: \u201eJeder von uns sollte sein Herz, seine Gedanken und seine Handlungen \u00fcberpr\u00fcfen und sich fragen, wie er zur Polarisierung und Feindseligkeit beitr\u00e4gt, die unser Land plagen.\u201c<\/p>\n<p>Broglios Botschaft erschien kurz nach den t\u00f6dlichen Angriffen auf Kinder bei einem Schulgottesdienst in Minneapolis und auf eine Mormonenkirche in Michigan sowie der Ermordung des Polit-Aktivisten Charlie Kirk in Utah. Ohne diese Taten namentlich zu erw\u00e4hnen, \u00e4u\u00dfert der Erzbischof seine Sorge: \u201eOrte, die einst als sichere H\u00e4fen zum Wachsen und Lernen galten &#8211; unsere Schulen, Universit\u00e4ten und Kirchen &#8211; sind zu Schaupl\u00e4tzen herzzerrei\u00dfender Trag\u00f6dien und Blutvergie\u00dfens geworden.\u201c<\/p>\n<p>Zuh\u00f6ren, Dialog <\/p>\n<p>Der Erzbischof rief dazu auf, sich den Werten des Evangeliums neu zuzuwenden, insbesondere den Werken der Barmherzigkeit, dem Zuh\u00f6ren und dem Dialog. \u201eErw\u00e4gen Sie, einmal pro Woche oder abends auf soziale Medien zu verzichten. Beten Sie f\u00fcr Ihre Feinde. H\u00f6ren Sie denen zu, mit denen Sie nicht einer Meinung sind, und sprechen Sie mit ihnen &#8211; insbesondere innerhalb Ihrer eigenen Familie\u201c, appellierte Broglio und mahnte: \u201eSeien Sie anderer Meinung, diskutieren Sie h\u00f6flich, setzen Sie sich f\u00fcr Ihre Rechte ein &#8211; aber denken Sie immer daran, dass wir alle Kinder Gottes sind und W\u00fcrde und Leben verdienen.\u201c<\/p>\n<p>(kap \u2013 pr)<br \/>\u00a0<\/p>\n","protected":false},"excerpt":{"rendered":"Vor dem Hintergrund von Polarisierung und wachsender politischen Gewalt in den Vereinigten Staaten hat der Vorsitzende der katholischen&hellip;\n","protected":false},"author":2,"featured_media":469528,"comment_status":"","ping_status":"","sticky":false,"template":"","format":"standard","meta":{"footnotes":""},"categories":[3977],"tags":[331,332,48673,71150,10219,68306,13,14,15,2480,12,4017,4018,4016,64,4019,4020,78905],"class_list":{"0":"post-469527","1":"post","2":"type-post","3":"status-publish","4":"format-standard","5":"has-post-thumbnail","7":"category-usa","8":"tag-aktuelle-nachrichten","9":"tag-aktuelle-news","10":"tag-bischoefe","11":"tag-bischofskonferenz","12":"tag-dialog","13":"tag-fratelli-tutti","14":"tag-headlines","15":"tag-nachrichten","16":"tag-news","17":"tag-papst-franziskus","18":"tag-schlagzeilen","19":"tag-united-states","20":"tag-united-states-of-america","21":"tag-us","22":"tag-usa","23":"tag-vereinigte-staaten","24":"tag-vereinigte-staaten-von-amerika","25":"tag-zivilgesellschaft"},"share_on_mastodon":{"url":"https:\/\/pubeurope.com\/@de\/115309219882019625","error":""},"_links":{"self":[{"href":"https:\/\/www.europesays.com\/de\/wp-json\/wp\/v2\/posts\/469527","targetHints":{"allow":["GET"]}}],"collection":[{"href":"https:\/\/www.europesays.com\/de\/wp-json\/wp\/v2\/posts"}],"about":[{"href":"https:\/\/www.europesays.com\/de\/wp-json\/wp\/v2\/types\/post"}],"author":[{"embeddable":true,"href":"https:\/\/www.europesays.com\/de\/wp-json\/wp\/v2\/users\/2"}],"replies":[{"embeddable":true,"href":"https:\/\/www.europesays.com\/de\/wp-json\/wp\/v2\/comments?post=469527"}],"version-history":[{"count":0,"href":"https:\/\/www.europesays.com\/de\/wp-json\/wp\/v2\/posts\/469527\/revisions"}],"wp:featuredmedia":[{"embeddable":true,"href":"https:\/\/www.europesays.com\/de\/wp-json\/wp\/v2\/media\/469528"}],"wp:attachment":[{"href":"https:\/\/www.europesays.com\/de\/wp-json\/wp\/v2\/media?parent=469527"}],"wp:term":[{"taxonomy":"category","embeddable":true,"href":"https:\/\/www.europesays.com\/de\/wp-json\/wp\/v2\/categories?post=469527"},{"taxonomy":"post_tag","embeddable":true,"href":"https:\/\/www.europesays.com\/de\/wp-json\/wp\/v2\/tags?post=469527"}],"curies":[{"name":"wp","href":"https:\/\/api.w.org\/{rel}","templated":true}]}}