{"id":469531,"date":"2025-10-03T08:12:13","date_gmt":"2025-10-03T08:12:13","guid":{"rendered":"https:\/\/www.europesays.com\/de\/469531\/"},"modified":"2025-10-03T08:12:13","modified_gmt":"2025-10-03T08:12:13","slug":"vor-frankreich-festgehaltener-oeltanker-der-schattenflotte-setzt-fahrt-fort","status":"publish","type":"post","link":"https:\/\/www.europesays.com\/de\/469531\/","title":{"rendered":"Vor Frankreich festgehaltener \u00d6ltanker der Schattenflotte setzt Fahrt fort"},"content":{"rendered":"<p>      Vor Frankreich festgehaltener \u00d6ltanker der Schattenflotte setzt Fahrt fort<\/p>\n<p>            Kopiere den aktuellen Link<\/p>\n<p>          Zur Merkliste hinzuf\u00fcgen<\/p>\n<p>Ein von der franz\u00f6sischen Marine festgehaltener \u00d6ltanker, der zur russischen Schattenflotte geh\u00f6ren soll, hat seine Fahrt fortgesetzt. Der chinesische Kapit\u00e4n und der Steuermann, die sich vor\u00fcbergehend in Polizeigewahrsam befunden hatten, seien wieder an Bord, hie\u00df es am Freitag aus unterrichteten Kreisen. Am Donnerstagabend hatte der Tanker &#8222;Boracay&#8220; sich wieder in Bewegung gesetzt und befand sich am Freitagmorgen bereits auf der H\u00f6he von La Rochelle, wie aus mehreren auf maritimen Verkehr spezialisierten Websites hervorgeht.\u00a0<\/p>\n<p class=\"typo-body-sc-md is-initial\">Die Pr\u00e4senz franz\u00f6sischer Soldaten an Bord des Tankers, der zuletzt unter der Flagge von Benin fuhr, hatte gro\u00dfes Aufsehen erregt. Spekulationen, dass das <a class=\"taxonomy-entity keyword\" data-target-type=\"article\" href=\"https:\/\/www.stern.de\/panorama\/themen\/schiff-4164518.html\" rel=\"nofollow noopener\" target=\"_blank\">Schiff<\/a> als Startrampe f\u00fcr die \u00fcber D\u00e4nemark gesichteten Drohnen gedient haben k\u00f6nnte, wurden bislang nicht best\u00e4tigt.\u00a0<\/p>\n<p class=\"typo-body-sc-md\">Frankreichs Pr\u00e4sident Emmanuel Macron nahm den Vorfall zum Anlass, um ein gemeinsames Vorgehen der sogenannten Koalition der Willigen gegen die russische <a class=\"taxonomy-entity keyword\" data-target-type=\"article\" href=\"https:\/\/www.stern.de\/news\/themen\/schattenflotte-32981606.html\" rel=\"nofollow noopener\" target=\"_blank\">Schattenflotte<\/a> zu fordern. &#8222;Das illustriert genau diese Politik&#8220;, sagte Macron am Donnerstag beim Treffen der\u00a0<\/p>\n<p class=\"typo-body-sc-md\">&#8222;Wenn wir die Schiffe mehrere Tage oder Wochen festhalten, (&#8230;) dann zerst\u00f6ren wir das Gesch\u00e4ftsmodell&#8220;, erkl\u00e4rte er beim Treffen der Europ\u00e4ischen Politischen Gemeinschaft in Kopenhagen.\u00a0<\/p>\n<p class=\"typo-body-sc-md\">Als Schattenflotte werden die oft veralteten und unter fremder Flagge fahrenden Schiffe bezeichnet, mit denen Russland unter anderem das \u00d6l-Embargo umgeht. Die EU und Gro\u00dfbritannien f\u00fchren bis zu 500 Schiffe auf Sanktionslisten, <a class=\"\" data-target-type=\"article\" href=\"https:\/\/www.stern.de\/politik\/ausland\/themen\/emmanuel-macron-4194936.html\" rel=\"nofollow noopener\" target=\"_blank\">Macron<\/a> sprach von 800 bis 100 Schiffen, die zu der Schattenflotte z\u00e4hlten.<\/p>\n<p class=\"typo-body-sc-md\">Der <a class=\"taxonomy-entity keyword\" data-target-type=\"article\" href=\"https:\/\/www.stern.de\/panorama\/themen\/oeltanker-4158184.html\" rel=\"nofollow noopener\" target=\"_blank\">\u00d6ltanker<\/a> &#8222;Boracay&#8220;, der in Russland abgelegt hatte und auf dem Weg nach Indien ist, war am vergangenen Samstag von einer Fregatte der franz\u00f6sischen Marine nahe der Insel Ouessant im Atlantik aufgehalten worden. Die Soldaten forderten das Schiff zu einer Kurs\u00e4nderung Richtung K\u00fcste auf.\u00a0<\/p>\n<p class=\"typo-body-sc-md\">Die franz\u00f6sische Staatsanwaltschaft wirft dem Kapit\u00e4n des Tankers, der die chinesische Staatsb\u00fcrgerschaft besitzt, das Nichtbeachten einer beh\u00f6rdlichen Anweisung vor. Er soll deswegen im Februar vor Gericht in Brest erscheinen.\u00a0<\/p>\n<p class=\"typo-body-sc-md\">Der russische Pr\u00e4sident Wladimir Putin beschuldigte <a class=\"taxonomy-entity place\" data-target-type=\"article\" href=\"https:\/\/www.stern.de\/politik\/ausland\/themen\/frankreich-4540716.html\" rel=\"nofollow noopener\" target=\"_blank\">Frankreich<\/a> wegen des Festhalten des Tankers der &#8222;Piraterie&#8220; und drohte Vergeltungsma\u00dfnahmen an. &#8222;Der Tanker ist in neutralen Gew\u00e4ssern ohne jegliche Rechtfertigung beschlagnahmt worden&#8220;, betonte Putin. Es habe sich keine milit\u00e4rische Fracht an Bord des Schiffes befunden.<\/p>\n<p class=\"typo-body-sc-md\">Das 244 Meter lange Schiff, das h\u00e4ufig die Flagge und den Namen gewechselt hat, steht seit Februar auf der EU-Sanktionsliste.\u00a0<\/p>\n<p>\n    AFP\n  <\/p>\n","protected":false},"excerpt":{"rendered":"Vor Frankreich festgehaltener \u00d6ltanker der Schattenflotte setzt Fahrt fort Kopiere den aktuellen Link Zur Merkliste hinzuf\u00fcgen Ein von&hellip;\n","protected":false},"author":2,"featured_media":469532,"comment_status":"","ping_status":"","sticky":false,"template":"","format":"standard","meta":{"footnotes":""},"categories":[3974],"tags":[331,332,548,663,3934,3980,156,13,14,15,12],"class_list":{"0":"post-469531","1":"post","2":"type-post","3":"status-publish","4":"format-standard","5":"has-post-thumbnail","7":"category-frankreich","8":"tag-aktuelle-nachrichten","9":"tag-aktuelle-news","10":"tag-eu","11":"tag-europa","12":"tag-europe","13":"tag-france","14":"tag-frankreich","15":"tag-headlines","16":"tag-nachrichten","17":"tag-news","18":"tag-schlagzeilen"},"share_on_mastodon":{"url":"https:\/\/pubeurope.com\/@de\/115309231704189527","error":""},"_links":{"self":[{"href":"https:\/\/www.europesays.com\/de\/wp-json\/wp\/v2\/posts\/469531","targetHints":{"allow":["GET"]}}],"collection":[{"href":"https:\/\/www.europesays.com\/de\/wp-json\/wp\/v2\/posts"}],"about":[{"href":"https:\/\/www.europesays.com\/de\/wp-json\/wp\/v2\/types\/post"}],"author":[{"embeddable":true,"href":"https:\/\/www.europesays.com\/de\/wp-json\/wp\/v2\/users\/2"}],"replies":[{"embeddable":true,"href":"https:\/\/www.europesays.com\/de\/wp-json\/wp\/v2\/comments?post=469531"}],"version-history":[{"count":0,"href":"https:\/\/www.europesays.com\/de\/wp-json\/wp\/v2\/posts\/469531\/revisions"}],"wp:featuredmedia":[{"embeddable":true,"href":"https:\/\/www.europesays.com\/de\/wp-json\/wp\/v2\/media\/469532"}],"wp:attachment":[{"href":"https:\/\/www.europesays.com\/de\/wp-json\/wp\/v2\/media?parent=469531"}],"wp:term":[{"taxonomy":"category","embeddable":true,"href":"https:\/\/www.europesays.com\/de\/wp-json\/wp\/v2\/categories?post=469531"},{"taxonomy":"post_tag","embeddable":true,"href":"https:\/\/www.europesays.com\/de\/wp-json\/wp\/v2\/tags?post=469531"}],"curies":[{"name":"wp","href":"https:\/\/api.w.org\/{rel}","templated":true}]}}