{"id":469537,"date":"2025-10-03T08:16:20","date_gmt":"2025-10-03T08:16:20","guid":{"rendered":"https:\/\/www.europesays.com\/de\/469537\/"},"modified":"2025-10-03T08:16:20","modified_gmt":"2025-10-03T08:16:20","slug":"vorfall-ueber-schleswig-holstein-ermittler-verfolgten-spur-von-drohnen-zu-verdaechtigem-frachter","status":"publish","type":"post","link":"https:\/\/www.europesays.com\/de\/469537\/","title":{"rendered":"Vorfall \u00fcber Schleswig-Holstein: Ermittler verfolgten Spur von Drohnen zu verd\u00e4chtigem Frachter"},"content":{"rendered":"<p>                    Vorfall \u00fcber Schleswig-Holstein<br \/>\n                Ermittler verfolgten Spur von Drohnen zu verd\u00e4chtigem Frachter<\/p>\n<p>\t\t\t\t              03.10.2025, 00:48 Uhr<\/p>\n<p>\t\t\t\t\t       Artikel anh\u00f6ren<\/p>\n<p>\t\t\t\t\t\t\tDiese Audioversion wurde k\u00fcnstlich generiert. <a href=\"https:\/\/www.n-tv.de\/23249898\" target=\"_blank\" rel=\"noopener\">Mehr Infos<\/a><\/p>\n<p><strong>Vor wenigen Tagen erregt ein Drohnenschwarm \u00fcber Schleswig-Holstein die Aufmerksamkeit der Beh\u00f6rden. Recherchen des &#8222;Spiegels&#8220; zufolge vermuten Ermittler, dass die Drohnen mit einem Schiff in Verbindung stehen, das zu dem Zeitpunkt im angrenzenden Seegebiet unterwegs war. <\/strong><\/p>\n<p>Im Fall eines Drohnenschwarms, der Ende September \u00fcber Schleswig-Holstein gesichtet wurde, haben deutsche Beh\u00f6rden eine Spur zu einem verd\u00e4chtigen Transportschiff verfolgt. <a href=\"https:\/\/www.spiegel.de\/politik\/deutschland\/schleswig-holstein-drohnenschwarm-ueber-land-spur-fuehrt-zu-russischem-frachter-a-ccfadb70-d809-40c5-9990-20b2746a8899\" rel=\"Follow noopener\" target=\"_blank\">Nach &#8222;Spiegel&#8220;-Recherchen<\/a> geht es um einen etwa 100 Meter langen Frachter, der im Zeitraum der gemeldeten Drohnensichtungen im Gro\u00dfraum Kiel in dem angrenzenden Seegebiet in der Ostsee unterwegs war. <\/p>\n<p>Das Fahrverhalten sowie Rahmen- und Standortdaten w\u00fcrden nahelegen, dass die Drohnen mit dem Schiff in Verbindung stehen k\u00f6nnten, hie\u00df es aus Sicherheitskreisen. Au\u00dferdem erf\u00fclle der Frachter die technischen Voraussetzungen f\u00fcr Starts und Landungen auch gr\u00f6\u00dferer Spionagedrohnen.<\/p>\n<p>Das verd\u00e4chtige Schiff, das unter der Billigflagge eines Karibikstaats f\u00e4hrt, hielt sich den Ermittlungen zufolge w\u00e4hrend der Drohnensichtungen in auff\u00e4lliger N\u00e4he auf, allerdings au\u00dferhalb deutscher Hoheitsgew\u00e4sser. Der Abstand zu dem Frachter habe jeweils mehrere Dutzend Kilometer betragen. <\/p>\n<p>Nach der Passage der Kieler F\u00f6rde nahm der Frachter Kurs nach Osten und lief wenige Tage sp\u00e4ter einen Hafen in Russland an. Er k\u00f6nnte den Ermittlungen zufolge zur sogenannten russischen Schattenflotte geh\u00f6ren, deren Schiffe wiederholt mit hybriden Aktivit\u00e4ten auffielen und etwa Spionagetechnik an Bord hatten oder Unterseekabel in der Ostsee besch\u00e4digten.<\/p>\n<p> Bei der Besatzung des verd\u00e4chtigen Transportschiffs soll es sich dem &#8222;Spiegel&#8220; zufolge vorwiegend um russische Staatsangeh\u00f6rige gehandelt haben. Der Eigent\u00fcmer des Schiffs ist in einem baltischen Land ans\u00e4ssig.<\/p>\n","protected":false},"excerpt":{"rendered":"Vorfall \u00fcber Schleswig-Holstein Ermittler verfolgten Spur von Drohnen zu verd\u00e4chtigem Frachter 03.10.2025, 00:48 Uhr Artikel anh\u00f6ren Diese Audioversion&hellip;\n","protected":false},"author":2,"featured_media":454685,"comment_status":"","ping_status":"","sticky":false,"template":"","format":"standard","meta":{"footnotes":""},"categories":[5],"tags":[331,332,3364,29,10068,30,13,14,15,16,15048,12,1971],"class_list":{"0":"post-469537","1":"post","2":"type-post","3":"status-publish","4":"format-standard","5":"has-post-thumbnail","7":"category-nachrichten","8":"tag-aktuelle-nachrichten","9":"tag-aktuelle-news","10":"tag-de","11":"tag-deutschland","12":"tag-drohnen","13":"tag-germany","14":"tag-headlines","15":"tag-nachrichten","16":"tag-news","17":"tag-politik","18":"tag-schattenflotte","19":"tag-schlagzeilen","20":"tag-schleswig-holstein"},"share_on_mastodon":{"url":"https:\/\/pubeurope.com\/@de\/115309247404770332","error":""},"_links":{"self":[{"href":"https:\/\/www.europesays.com\/de\/wp-json\/wp\/v2\/posts\/469537","targetHints":{"allow":["GET"]}}],"collection":[{"href":"https:\/\/www.europesays.com\/de\/wp-json\/wp\/v2\/posts"}],"about":[{"href":"https:\/\/www.europesays.com\/de\/wp-json\/wp\/v2\/types\/post"}],"author":[{"embeddable":true,"href":"https:\/\/www.europesays.com\/de\/wp-json\/wp\/v2\/users\/2"}],"replies":[{"embeddable":true,"href":"https:\/\/www.europesays.com\/de\/wp-json\/wp\/v2\/comments?post=469537"}],"version-history":[{"count":0,"href":"https:\/\/www.europesays.com\/de\/wp-json\/wp\/v2\/posts\/469537\/revisions"}],"wp:featuredmedia":[{"embeddable":true,"href":"https:\/\/www.europesays.com\/de\/wp-json\/wp\/v2\/media\/454685"}],"wp:attachment":[{"href":"https:\/\/www.europesays.com\/de\/wp-json\/wp\/v2\/media?parent=469537"}],"wp:term":[{"taxonomy":"category","embeddable":true,"href":"https:\/\/www.europesays.com\/de\/wp-json\/wp\/v2\/categories?post=469537"},{"taxonomy":"post_tag","embeddable":true,"href":"https:\/\/www.europesays.com\/de\/wp-json\/wp\/v2\/tags?post=469537"}],"curies":[{"name":"wp","href":"https:\/\/api.w.org\/{rel}","templated":true}]}}