{"id":469572,"date":"2025-10-03T08:36:13","date_gmt":"2025-10-03T08:36:13","guid":{"rendered":"https:\/\/www.europesays.com\/de\/469572\/"},"modified":"2025-10-03T08:36:13","modified_gmt":"2025-10-03T08:36:13","slug":"rb-leipzig-rueckschlag-fuer-stuermer-star-timo-werner-fehlt-gegen-borussia-dortmund-sport","status":"publish","type":"post","link":"https:\/\/www.europesays.com\/de\/469572\/","title":{"rendered":"RB Leipzig: R\u00fcckschlag f\u00fcr St\u00fcrmer-Star! Timo Werner fehlt gegen Borussia Dortmund | Sport"},"content":{"rendered":"<p><b>Herber D\u00e4mpfer f\u00fcr Timo Werner (29)! Nur eine Woche nachdem der St\u00fcrmer von RB Leipzig in Wolfsburg (1:0) sein Bundesliga-Comeback nach 693 Tagen gefeiert hat, muss er einen R\u00fcckschlag verkraften. Beim Top-Spiel am Samstag (15.30 Uhr) in Dortmund fehlt der einstige DFB-Star verletzt!<\/b><\/p>\n<p>Trainer Ole Werner (37): \u201eTimo hat muskul\u00e4re Probleme an der Leiste und wird nicht mitfahren. Er hatte schon am Dienstag Probleme und war trotzdem auf dem Platz. Er hat aber danach schon die R\u00fcckmeldung gegeben, dass es keinen Sinn macht, weiter reinzutrainieren.\u201c<\/p>\n<p>Mehr zum Thema<\/p>\n<p><b>Immerhin: Nach ein paar Tagen Pause soll Leipzigs Rekordtorj\u00e4ger (113 Treffer) schon nach der L\u00e4nderspielpause wieder fit sein<\/b>. <\/p>\n<p>Gut f\u00fcr RB: Da <a href=\"https:\/\/www.bild.de\/sport\/fussball\/rb-leipzig-hype-um-stuermer-das-sagen-die-fans-ueber-timo-werner-68dbeb95e12da109b804f50f\" class=\"text-link\" rel=\"nofollow noopener\" target=\"_blank\">Timo Werner<\/a> im Kader von Ole Werner aktuell noch keine gro\u00dfe Rolle gespielt hat (nur ein Mini-Einsatz), f\u00e4llt sein Ausfall aus sportlicher Sicht wohl genauso wenig ins Gewicht, wie das Fehlen von Routinier Kevin Kampl (35\/krank).<\/p>\n<p><img decoding=\"async\" width=\"992\" height=\"558\" alt=\"Leipzig-Trainer Ole Werner ist hei\u00df auf den f\u00fcnften Sieg in Serie\" src=\"https:\/\/www.europesays.com\/de\/wp-content\/uploads\/2025\/10\/3ace9b80b0040324b0ab8d2e0647788d,bd5f976\"   class=\"landscape\" loading=\"lazy\"\/><\/p>\n<p class=\"fig__caption__text\">Leipzig-Trainer Ole Werner ist hei\u00df auf den f\u00fcnften Sieg in Serie<\/p>\n<p>Foto: RONNY HARTMANN\/AFP<\/p>\n<p>Wahrscheinlich, dass der Leipzig-Trainer sogar zum dritten Mal in Serie auf die gleiche Startelf setzt. Folgt damit auch der Sieg im Duell der Bayern-J\u00e4ger?<\/p>\n<p><b>Was f\u00fcr die Sachsen spricht:<\/b> Nach der Schrott-Saison ist RB dieses Jahr anders als Dortmund international nicht vertreten. W\u00e4hrend der BVB am Mittwoch in der Champions League gegen Bilbao ran musste (4:1), hatte Leipzig Pause und konnte normal trainieren.<\/p>\n<p>Hei\u00dfe Frage im TV: Muss Bayern Schlotterbeck holen?<a class=\"anchor video-teaser__anchor\" href=\"https:\/\/www.bild.de\/sport\/fussball\/nico-schlotterbeck-holt-der-fc-bayern-den-star-von-borussia-dortmund-68de67d9ac836556b4d05cd0\" rel=\"nofollow noopener\" target=\"_blank\"><img decoding=\"async\" width=\"992\" height=\"558\" alt=\"Nico Schlotterbeck: Holt der FC Bayern den Star von Borussia Dortmund?\" src=\"https:\/\/www.europesays.com\/de\/wp-content\/uploads\/2025\/10\/23213f4691265a55657c36e94e1cd014-landscape,ad584e1f\"   class=\"landscape teaser__image\" loading=\"lazy\"\/><\/a><\/p>\n<p>Quelle: BILD03.10.2025<\/p>\n<p><b>Werner: \u201eEs ist sicherlich so, dass wir uns eine ganze Woche auf das Spiel vorbereitet haben und Dortmund ein paar Tage weniger \u2013 daraus sollten wir auch versuchen, in irgendeiner Form Kapital zu schlagen. Auf der anderen Seite ist es so, dass Dortmund diesen Rhythmus gewohnt ist und eine Mannschaft hat, die daf\u00fcr zusammengestellt ist.\u201c<\/b><\/p>\n<p>Ein Nachteil muss es trotzdem nicht sein. Gutes Omen: Zwar ist Dortmund seit 13 Spielen auf nationaler Ebene ungeschlagen. Die letzte Pleite gab es im M\u00e4rz aber ausgerechnet gegen <a href=\"https:\/\/www.bild.de\/sport\/fussball\/rb-leipzig\/startseite-leipzig-31148870.bild.html\" class=\"text-link\" rel=\"nofollow noopener\" target=\"_blank\">RB Leipzig&#8230;<\/a><\/p>\n","protected":false},"excerpt":{"rendered":"Herber D\u00e4mpfer f\u00fcr Timo Werner (29)! Nur eine Woche nachdem der St\u00fcrmer von RB Leipzig in Wolfsburg (1:0)&hellip;\n","protected":false},"author":2,"featured_media":469573,"comment_status":"","ping_status":"","sticky":false,"template":"","format":"standard","meta":{"footnotes":""},"categories":[1832],"tags":[888,3364,29,538,30,71,1655,859,3460,4581,45,539,38935],"class_list":{"0":"post-469572","1":"post","2":"type-post","3":"status-publish","4":"format-standard","5":"has-post-thumbnail","7":"category-leipzig","8":"tag-borussia-dortmund","9":"tag-de","10":"tag-deutschland","11":"tag-erste-bundesliga","12":"tag-germany","13":"tag-leipzig","14":"tag-rb-leipzig","15":"tag-sachsen","16":"tag-sport-leuchtturm-leipzig","17":"tag-sport-tag-im-ticker","18":"tag-texttospeech","19":"tag-werner-ole","20":"tag-werner-timo"},"share_on_mastodon":{"url":"https:\/\/pubeurope.com\/@de\/115309326603920613","error":""},"_links":{"self":[{"href":"https:\/\/www.europesays.com\/de\/wp-json\/wp\/v2\/posts\/469572","targetHints":{"allow":["GET"]}}],"collection":[{"href":"https:\/\/www.europesays.com\/de\/wp-json\/wp\/v2\/posts"}],"about":[{"href":"https:\/\/www.europesays.com\/de\/wp-json\/wp\/v2\/types\/post"}],"author":[{"embeddable":true,"href":"https:\/\/www.europesays.com\/de\/wp-json\/wp\/v2\/users\/2"}],"replies":[{"embeddable":true,"href":"https:\/\/www.europesays.com\/de\/wp-json\/wp\/v2\/comments?post=469572"}],"version-history":[{"count":0,"href":"https:\/\/www.europesays.com\/de\/wp-json\/wp\/v2\/posts\/469572\/revisions"}],"wp:featuredmedia":[{"embeddable":true,"href":"https:\/\/www.europesays.com\/de\/wp-json\/wp\/v2\/media\/469573"}],"wp:attachment":[{"href":"https:\/\/www.europesays.com\/de\/wp-json\/wp\/v2\/media?parent=469572"}],"wp:term":[{"taxonomy":"category","embeddable":true,"href":"https:\/\/www.europesays.com\/de\/wp-json\/wp\/v2\/categories?post=469572"},{"taxonomy":"post_tag","embeddable":true,"href":"https:\/\/www.europesays.com\/de\/wp-json\/wp\/v2\/tags?post=469572"}],"curies":[{"name":"wp","href":"https:\/\/api.w.org\/{rel}","templated":true}]}}