{"id":470006,"date":"2025-10-03T12:39:12","date_gmt":"2025-10-03T12:39:12","guid":{"rendered":"https:\/\/www.europesays.com\/de\/470006\/"},"modified":"2025-10-03T12:39:12","modified_gmt":"2025-10-03T12:39:12","slug":"naechtlicher-wohnungsbrand-in-dortmund-kurl","status":"publish","type":"post","link":"https:\/\/www.europesays.com\/de\/470006\/","title":{"rendered":"N\u00e4chtlicher Wohnungsbrand in Dortmund Kurl"},"content":{"rendered":"<p>\nAm 02.10.2025 wurde die Feuerwehr Dortmund um 23:45 Uhr in den Ortsteil Kurl zu einem Wohnungsbrand alarmiert. <\/p>\n<p>Dortmund (ots) &#8211; Beim Eintreffen der Einsatzkr\u00e4fte machten sich 2 Bewohner am Fenster des 1.Obergeschosses bemerkbar. In der Wohnung unter ihnen war es zu einem Brand gekommen. Die Brandbek\u00e4mpfung wurde unverz\u00fcglich eingeleitet, parallel wurden die Personen in einem sicheren Bereich betreut, bis sie gefahrlos mit Fluchthauben durch Einsatzkr\u00e4fte ins Freie geleitet werden konnten. Alle Personen wurden durch den Rettungsdienst untersucht und konnten unverletzt an der Einsatzstelle verbleiben.<\/p>\n<p>Das Geb\u00e4ude wurde im Anschluss durch die Feuerwehr mit Hochleistungsl\u00fcftern bel\u00fcftet und die Einsatzstelle an die Polizei \u00fcbergeben. Um 02:35 Uhr konnten die letzten Einsatzkr\u00e4fte die Einsatzstelle verlassen.<\/p>\n<p>Die Feuerwehr Dortmund war mit insgesamt 38 Einsatzkr\u00e4ften vor Ort. Darunter der Einsatzf\u00fchrungsdienst von der Feuerwache 1 (Mitte), die Feuerwache 6 (Scharnhorst), die Feuerwache 3 (Neuasseln), die Feuerwache 2 (Eving), der L\u00f6schzug 26 (Lanstrop) der Freiwilligen Feuerwehr sowie der Rettungsdienst. <\/p>\n","protected":false},"excerpt":{"rendered":"Am 02.10.2025 wurde die Feuerwehr Dortmund um 23:45 Uhr in den Ortsteil Kurl zu einem Wohnungsbrand alarmiert. Dortmund&hellip;\n","protected":false},"author":2,"featured_media":470007,"comment_status":"","ping_status":"","sticky":false,"template":"","format":"standard","meta":{"footnotes":""},"categories":[1833],"tags":[3364,29,217,20372,37653,985,119813,30,24123,21724,1209,121,3906,17326,2537],"class_list":{"0":"post-470006","1":"post","2":"type-post","3":"status-publish","4":"format-standard","5":"has-post-thumbnail","7":"category-dortmund","8":"tag-de","9":"tag-deutschland","10":"tag-dortmund","11":"tag-fenster","12":"tag-feuerwache","13":"tag-feuerwehr","14":"tag-gefahrlos","15":"tag-germany","16":"tag-loeschzug","17":"tag-mensch","18":"tag-nordrhein-westfalen","19":"tag-polizei","20":"tag-rettungsdienst","21":"tag-untersucht","22":"tag-wohnungsbrand"},"share_on_mastodon":{"url":"https:\/\/pubeurope.com\/@de\/115310281693256100","error":""},"_links":{"self":[{"href":"https:\/\/www.europesays.com\/de\/wp-json\/wp\/v2\/posts\/470006","targetHints":{"allow":["GET"]}}],"collection":[{"href":"https:\/\/www.europesays.com\/de\/wp-json\/wp\/v2\/posts"}],"about":[{"href":"https:\/\/www.europesays.com\/de\/wp-json\/wp\/v2\/types\/post"}],"author":[{"embeddable":true,"href":"https:\/\/www.europesays.com\/de\/wp-json\/wp\/v2\/users\/2"}],"replies":[{"embeddable":true,"href":"https:\/\/www.europesays.com\/de\/wp-json\/wp\/v2\/comments?post=470006"}],"version-history":[{"count":0,"href":"https:\/\/www.europesays.com\/de\/wp-json\/wp\/v2\/posts\/470006\/revisions"}],"wp:featuredmedia":[{"embeddable":true,"href":"https:\/\/www.europesays.com\/de\/wp-json\/wp\/v2\/media\/470007"}],"wp:attachment":[{"href":"https:\/\/www.europesays.com\/de\/wp-json\/wp\/v2\/media?parent=470006"}],"wp:term":[{"taxonomy":"category","embeddable":true,"href":"https:\/\/www.europesays.com\/de\/wp-json\/wp\/v2\/categories?post=470006"},{"taxonomy":"post_tag","embeddable":true,"href":"https:\/\/www.europesays.com\/de\/wp-json\/wp\/v2\/tags?post=470006"}],"curies":[{"name":"wp","href":"https:\/\/api.w.org\/{rel}","templated":true}]}}