{"id":470217,"date":"2025-10-03T14:33:11","date_gmt":"2025-10-03T14:33:11","guid":{"rendered":"https:\/\/www.europesays.com\/de\/470217\/"},"modified":"2025-10-03T14:33:11","modified_gmt":"2025-10-03T14:33:11","slug":"un-sehen-keine-sicheren-zufluchtsorte-mehr-in-gaza-lage-in-krankenhaeusern-dramatisch","status":"publish","type":"post","link":"https:\/\/www.europesays.com\/de\/470217\/","title":{"rendered":"UN sehen keine sicheren Zufluchtsorte mehr in Gaza \u2013 Lage in Krankenh\u00e4usern dramatisch"},"content":{"rendered":"<p class=\"is-first-paragraph\" data-external=\"Article.FirstParagraph\">F\u00fcr die Menschen in Gaza-Stadt und im S\u00fcden des Gazastreifens gibt es nach Aussage der Vereinten Nationen keinen sicheren Zufluchtsort mehr. In den von Israel als Sicherheitszonen ausgewiesenen Gebieten komme es weiterhin regelm\u00e4\u00dfig zu Luftangriffen, sagte der Sprecher des UN-Kinderhilfswerks Unicef, James Elder, laut einem Beitrag der UN auf der Plattform X. Unter den Menschen herrsche \u201eechte Angst und Stress\u201c. Sie w\u00fcssten, dass es im S\u00fcden \u201ehoffnungslos \u00fcberf\u00fcllt\u201c sei sowie an Sicherheit und an sanit\u00e4ren Einrichtungen mangele, h\u00e4tten jedoch keine andere Wahl.<\/p>\n<p>Als besonders dramatisch beschrieb Elder die Zust\u00e4nde in den Krankenh\u00e4usern. Im Al-Aksa-Krankenhaus seien die Traumata und Verletzungen der Kinder \u201eso schlimm wie nie zuvor\u201c. Im Nasser-Krankenhaus in Chan Junis herrsche eine solche \u00dcberlastung, dass die Flure voll mit M\u00fcttern und Neugeborenen seien.<\/p>\n<p>Am 7. Oktober j\u00e4hrt sich der <a class=\"is-link c-block-items__link c-link--rich-text-renderer\" href=\"https:\/\/www.welt.de\/themen\/israel-palaestina-konflikt\/\" data-internal-tracking-enabled=\"true\" data-internal-tracking=\"{&quot;action&quot;:&quot;click&quot;,&quot;label&quot;:&quot;link&quot;,&quot;name&quot;:&quot;Inline Element&quot;,&quot;data&quot;:{&quot;source&quot;:&quot;&quot;,&quot;target&quot;:&quot;https:\/\/www.welt.de\/themen\/israel-palaestina-konflikt\/&quot;,&quot;trackingName&quot;:&quot;&quot;,&quot;trackingLabel&quot;:&quot;&quot;}}\" target=\"_blank\" rel=\"noopener\">Terrorangriff der pal\u00e4stinensischen Terrororganisation Hamas <\/a>auf israelische Zivilisten zum zweiten Mal. Bei dem Massaker wurden am 7. Oktober 2023 rund 1200 Menschen in Israel get\u00f6tet, mehr als 240 wurden in den Gaza-Streifen verschleppt. Der Angriff l\u00f6ste den Gaza-Krieg zwischen Israel und der Hamas aus.<\/p>\n<p>Israel versch\u00e4rfte in den vergangenen Wochen seine Offensive auf Gaza-Stadt und rief die Bev\u00f6lkerung auf, in sogenannten humanit\u00e4ren Zonen im S\u00fcden des Gazastreifens Zuflucht zu suchen. Mehrere Hunderttausend Pal\u00e4stinenser flohen daraufhin aus Gaza-Stadt. Am Mittwoch hatte die israelische Armee angek\u00fcndigt, die letzte noch offene Verbindungsstra\u00dfe zwischen dem n\u00f6rdlichen und dem s\u00fcdlichen Gazastreifen abzuriegeln. Der israelische Verteidigungsminister Israel Katz bezeichnete dies als die letzte Chance f\u00fcr Zivilisten, sich in Sicherheit zu bringen. Wer weiterhin in Gaza-Stadt bleibe, sei Terrorist oder Terrorunterst\u00fctzer.<\/p>\n","protected":false},"excerpt":{"rendered":"F\u00fcr die Menschen in Gaza-Stadt und im S\u00fcden des Gazastreifens gibt es nach Aussage der Vereinten Nationen keinen&hellip;\n","protected":false},"author":2,"featured_media":470218,"comment_status":"","ping_status":"","sticky":false,"template":"","format":"standard","meta":{"footnotes":""},"categories":[3],"tags":[926,2547,13,411,4750,50387,14,15,110,12,10,8,9,11,103,104],"class_list":{"0":"post-470217","1":"post","2":"type-post","3":"status-publish","4":"format-standard","5":"has-post-thumbnail","7":"category-welt","8":"tag-7-oktober-2023","9":"tag-gaza-streifen","10":"tag-headlines","11":"tag-israel","12":"tag-israel-hamas-angriff-auf-israel","13":"tag-israel-palaestina-konflikt-ab-2000-geo-isr-pal-ks","14":"tag-nachrichten","15":"tag-news","16":"tag-newsteam","17":"tag-schlagzeilen","18":"tag-top-news","19":"tag-top-meldungen","20":"tag-topmeldungen","21":"tag-topnews","22":"tag-welt","23":"tag-world"},"share_on_mastodon":{"url":"https:\/\/pubeurope.com\/@de\/115310729921695883","error":""},"_links":{"self":[{"href":"https:\/\/www.europesays.com\/de\/wp-json\/wp\/v2\/posts\/470217","targetHints":{"allow":["GET"]}}],"collection":[{"href":"https:\/\/www.europesays.com\/de\/wp-json\/wp\/v2\/posts"}],"about":[{"href":"https:\/\/www.europesays.com\/de\/wp-json\/wp\/v2\/types\/post"}],"author":[{"embeddable":true,"href":"https:\/\/www.europesays.com\/de\/wp-json\/wp\/v2\/users\/2"}],"replies":[{"embeddable":true,"href":"https:\/\/www.europesays.com\/de\/wp-json\/wp\/v2\/comments?post=470217"}],"version-history":[{"count":0,"href":"https:\/\/www.europesays.com\/de\/wp-json\/wp\/v2\/posts\/470217\/revisions"}],"wp:featuredmedia":[{"embeddable":true,"href":"https:\/\/www.europesays.com\/de\/wp-json\/wp\/v2\/media\/470218"}],"wp:attachment":[{"href":"https:\/\/www.europesays.com\/de\/wp-json\/wp\/v2\/media?parent=470217"}],"wp:term":[{"taxonomy":"category","embeddable":true,"href":"https:\/\/www.europesays.com\/de\/wp-json\/wp\/v2\/categories?post=470217"},{"taxonomy":"post_tag","embeddable":true,"href":"https:\/\/www.europesays.com\/de\/wp-json\/wp\/v2\/tags?post=470217"}],"curies":[{"name":"wp","href":"https:\/\/api.w.org\/{rel}","templated":true}]}}