{"id":470870,"date":"2025-10-03T20:43:15","date_gmt":"2025-10-03T20:43:15","guid":{"rendered":"https:\/\/www.europesays.com\/de\/470870\/"},"modified":"2025-10-03T20:43:15","modified_gmt":"2025-10-03T20:43:15","slug":"niedersachsen-bremen-auto-und-15-ruderboote-brennen-a27-stundenlang-gesperrt","status":"publish","type":"post","link":"https:\/\/www.europesays.com\/de\/470870\/","title":{"rendered":"Niedersachsen &#038; Bremen: Auto und 15 Ruderboote brennen &#8211; A27 stundenlang gesperrt"},"content":{"rendered":"<p>                    Niedersachsen &amp; Bremen<br \/>\n                Auto und 15 Ruderboote brennen &#8211; A27 stundenlang gesperrt<\/p>\n<p>\t\t\t\t              03.10.2025, 20:06 Uhr<\/p>\n<p><strong>Nach einem Feuer auf der A27 sind ein Wagen und zahlreiche Ruderboote zerst\u00f6rt. Die Ursache ist noch unklar.<\/strong><\/p>\n<p>Verden (dpa\/lni) &#8211; Auf der Autobahn 27 bei Verden (Landkreis Verden) ist ein Auto mit einem Bootsanh\u00e4nger in Brand geraten. Der Wagen habe 15 Ruderboote mit sich gef\u00fchrt \u2013 alle Boote sowie der Pkw seien durch das Feuer vollst\u00e4ndig zerst\u00f6rt worden, teilte die Polizei mit. Menschen wurden nicht verletzt.<\/p>\n<p>Das Gespann war den Angaben zufolge am Morgen in Fahrtrichtung Hannover zwischen den Anschlussstellen Verden-Ost und Walsrode-West unterwegs, als der Brand aus bislang noch ungekl\u00e4rter Ursache ausbrach. Die Flammen h\u00e4tten anschlie\u00dfend auf den Anh\u00e4nger \u00fcbergegriffen.<\/p>\n<p>F\u00fcr die L\u00f6scharbeiten und die anschlie\u00dfende Bergung war die A27 mehrere Stunden voll gesperrt. Gegen 17.00 Uhr wurde die Sperrung wieder aufgehoben. Den Sachschaden sch\u00e4tzt die Polizei auf etwa 50.000 Euro.<\/p>\n","protected":false},"excerpt":{"rendered":"Niedersachsen &amp; Bremen Auto und 15 Ruderboote brennen &#8211; A27 stundenlang gesperrt 03.10.2025, 20:06 Uhr Nach einem Feuer&hellip;\n","protected":false},"author":2,"featured_media":470871,"comment_status":"","ping_status":"","sticky":false,"template":"","format":"standard","meta":{"footnotes":""},"categories":[1824],"tags":[513,2420,3364,29,30,1411,119946],"class_list":{"0":"post-470870","1":"post","2":"type-post","3":"status-publish","4":"format-standard","5":"has-post-thumbnail","7":"category-bremen","8":"tag-auto","9":"tag-bremen","10":"tag-de","11":"tag-deutschland","12":"tag-germany","13":"tag-niedersachsen","14":"tag-ruderboote"},"share_on_mastodon":{"url":"https:\/\/pubeurope.com\/@de\/115312184833829012","error":""},"_links":{"self":[{"href":"https:\/\/www.europesays.com\/de\/wp-json\/wp\/v2\/posts\/470870","targetHints":{"allow":["GET"]}}],"collection":[{"href":"https:\/\/www.europesays.com\/de\/wp-json\/wp\/v2\/posts"}],"about":[{"href":"https:\/\/www.europesays.com\/de\/wp-json\/wp\/v2\/types\/post"}],"author":[{"embeddable":true,"href":"https:\/\/www.europesays.com\/de\/wp-json\/wp\/v2\/users\/2"}],"replies":[{"embeddable":true,"href":"https:\/\/www.europesays.com\/de\/wp-json\/wp\/v2\/comments?post=470870"}],"version-history":[{"count":0,"href":"https:\/\/www.europesays.com\/de\/wp-json\/wp\/v2\/posts\/470870\/revisions"}],"wp:featuredmedia":[{"embeddable":true,"href":"https:\/\/www.europesays.com\/de\/wp-json\/wp\/v2\/media\/470871"}],"wp:attachment":[{"href":"https:\/\/www.europesays.com\/de\/wp-json\/wp\/v2\/media?parent=470870"}],"wp:term":[{"taxonomy":"category","embeddable":true,"href":"https:\/\/www.europesays.com\/de\/wp-json\/wp\/v2\/categories?post=470870"},{"taxonomy":"post_tag","embeddable":true,"href":"https:\/\/www.europesays.com\/de\/wp-json\/wp\/v2\/tags?post=470870"}],"curies":[{"name":"wp","href":"https:\/\/api.w.org\/{rel}","templated":true}]}}