{"id":470872,"date":"2025-10-03T20:44:14","date_gmt":"2025-10-03T20:44:14","guid":{"rendered":"https:\/\/www.europesays.com\/de\/470872\/"},"modified":"2025-10-03T20:44:14","modified_gmt":"2025-10-03T20:44:14","slug":"niedersachsen-bremen-12-gegen-paderborn-braunschweiger-absturz-geht-weiter","status":"publish","type":"post","link":"https:\/\/www.europesays.com\/de\/470872\/","title":{"rendered":"Niedersachsen &#038; Bremen: 1:2 gegen Paderborn: Braunschweiger Absturz geht weiter"},"content":{"rendered":"<p>                    Niedersachsen &amp; Bremen<br \/>\n                1:2 gegen Paderborn: Braunschweiger Absturz geht weiter<\/p>\n<p>\t\t\t\t              03.10.2025, 20:35 Uhr<\/p>\n<p><strong>Beim 1:2 gegen Paderborn liegt Eintracht Braunschweig schon nach 30 Sekunden zur\u00fcck. Nach gutem Saisonstart l\u00e4uft bei der Eintracht nichts mehr zusammen.<\/strong><\/p>\n<p>Braunschweig (dpa\/lni) &#8211; Eintracht Braunschweig befindet sich in der 2. Fu\u00dfball-Bundesliga im freien Fall. Das verdiente und am Ende noch turbulente 1:2 (0:1) gegen den neuen Tabellenf\u00fchrer SC Paderborn war bereits die f\u00fcnfte Niederlage in den vergangenen sechs Spielen.<\/p>\n<p>Vor 21.349 Zuschauern brachte Filip Bilbija die Paderborner schon nach 30 Sekunden in F\u00fchrung. Es war das bislang zweitschnellste Tor dieser Zweitliga-Saison. In der Schlussphase traf Levente Szabo (86.) zun\u00e4chst zum 1:1 f\u00fcr Braunschweig. Nur zwei Minuten sp\u00e4ter sorgte Stefano Marino (88.) aber doch noch f\u00fcr den verdienten SCP-Erfolg.\u00a0<\/p>\n<p>Paderborner Tor nicht gegeben<\/p>\n<p>F\u00fcr die Braunschweiger war das fr\u00fche Gegentor Gift. Sie haben nun f\u00fcnf der vergangenen sechs Spiele verloren und waren nach dem Schock in der ersten Minute v\u00f6llig verunsichert. Das Spiel der Eintracht war voller individueller Fehler, daf\u00fcr aber ohne jede Idee.<\/p>\n<p>Der einzige Paderborner Makel war, dass die G\u00e4ste aus ihrer spielerischen Dominanz zu wenig machten. Ein Kopfballtor von Santiago Castaneda (52.) wurde wegen Abseits nicht gegeben. Das hielt die Eintracht lange im Spiel.<\/p>\n<p>Schon in der 70. Minute hatte Sven K\u00f6hler die gro\u00dfe Kopfballchance zum Ausgleich. Der kurz zuvor eingewechselte Szabo traf tats\u00e4chlich zum schmeichelhaften 1:1. Am Ende machte die Eintracht einen Fehler zu viel: Leon Bell Bell trat vor dem 1:2 \u00fcber den Ball.<\/p>\n","protected":false},"excerpt":{"rendered":"Niedersachsen &amp; Bremen 1:2 gegen Paderborn: Braunschweiger Absturz geht weiter 03.10.2025, 20:35 Uhr Beim 1:2 gegen Paderborn liegt&hellip;\n","protected":false},"author":2,"featured_media":470873,"comment_status":"","ping_status":"","sticky":false,"template":"","format":"standard","meta":{"footnotes":""},"categories":[1824],"tags":[10075,33721,2420,3364,29,30,1411,727],"class_list":{"0":"post-470872","1":"post","2":"type-post","3":"status-publish","4":"format-standard","5":"has-post-thumbnail","7":"category-bremen","8":"tag-absturz","9":"tag-braunschweiger","10":"tag-bremen","11":"tag-de","12":"tag-deutschland","13":"tag-germany","14":"tag-niedersachsen","15":"tag-paderborn"},"share_on_mastodon":{"url":"https:\/\/pubeurope.com\/@de\/115312188843251419","error":""},"_links":{"self":[{"href":"https:\/\/www.europesays.com\/de\/wp-json\/wp\/v2\/posts\/470872","targetHints":{"allow":["GET"]}}],"collection":[{"href":"https:\/\/www.europesays.com\/de\/wp-json\/wp\/v2\/posts"}],"about":[{"href":"https:\/\/www.europesays.com\/de\/wp-json\/wp\/v2\/types\/post"}],"author":[{"embeddable":true,"href":"https:\/\/www.europesays.com\/de\/wp-json\/wp\/v2\/users\/2"}],"replies":[{"embeddable":true,"href":"https:\/\/www.europesays.com\/de\/wp-json\/wp\/v2\/comments?post=470872"}],"version-history":[{"count":0,"href":"https:\/\/www.europesays.com\/de\/wp-json\/wp\/v2\/posts\/470872\/revisions"}],"wp:featuredmedia":[{"embeddable":true,"href":"https:\/\/www.europesays.com\/de\/wp-json\/wp\/v2\/media\/470873"}],"wp:attachment":[{"href":"https:\/\/www.europesays.com\/de\/wp-json\/wp\/v2\/media?parent=470872"}],"wp:term":[{"taxonomy":"category","embeddable":true,"href":"https:\/\/www.europesays.com\/de\/wp-json\/wp\/v2\/categories?post=470872"},{"taxonomy":"post_tag","embeddable":true,"href":"https:\/\/www.europesays.com\/de\/wp-json\/wp\/v2\/tags?post=470872"}],"curies":[{"name":"wp","href":"https:\/\/api.w.org\/{rel}","templated":true}]}}