{"id":470915,"date":"2025-10-03T21:06:22","date_gmt":"2025-10-03T21:06:22","guid":{"rendered":"https:\/\/www.europesays.com\/de\/470915\/"},"modified":"2025-10-03T21:06:22","modified_gmt":"2025-10-03T21:06:22","slug":"preussen-stuermer-gibt-gas-schweden-oscar-plant-den-3-streich-sport","status":"publish","type":"post","link":"https:\/\/www.europesays.com\/de\/470915\/","title":{"rendered":"Preu\u00dfen-St\u00fcrmer gibt Gas: \u201eSchweden-Oscar\u201c plant den 3. Streich | Sport"},"content":{"rendered":"<p>Keine Frage, er hat wieder Blut geleckt&#8230;<\/p>\n<p><b>Preu\u00dfen-St\u00fcrmer gibt Gas. \u201eSchweden-Oscar\u201c plant den 3. Streich.<\/b><\/p>\n<p>\u201eDas hat sich verdammt gut angef\u00fchlt. Jetzt will ich nat\u00fcrlich mehr.\u201c  Nach seinen ersten beiden Liga-Toren f\u00fcr die Adlertr\u00e4ger ist deutlich zu sp\u00fcren, wie Neuzugang Oscar Vilhelmsson (22) immer besser in Schwung kommt. Zun\u00e4chst sein Ehrentreffer in Kaiserslautern (1:4), danach die F\u00fchrung beim 3:1-Sieg \u00fcber Eintracht Braunschweig erzielt. Im Berliner Olympiastadion soll nun gegen die Hertha (Sa.\/13 Uhr\/live bei Sky) sein dritter Streich folgen.<\/p>\n<p>Vilhelmsson, den zum Saisonstart gleich mehrere Verletzungen (Gehirnersch\u00fctterung und muskul\u00e4re Probleme) zur\u00fcckwarfen, wechselt langsam aber sicher auf die \u00dcberholspur. Zu BILD sagt er: \u201eIch bin einfach nur gl\u00fccklich, dass sich mein K\u00f6rper mittlerweile schon viel besser anf\u00fchlt. Auch wenn die Puste sicherlich noch etwas fehlt. Die letzten beiden Spielen haben aber gezeigt, dass es mit mir aufw\u00e4rts geht. Und ich mehr und mehr in meinen Rhythmus finde.\u201c<\/p>\n<p><img decoding=\"async\" width=\"992\" height=\"558\" alt=\"Pfeilschnell und torgef\u00e4hrlich! Preu\u00dfen-St\u00fcrmer Oscar Vilhelmsson (r.) kommt immer besser in Schwung\" src=\"https:\/\/www.europesays.com\/de\/wp-content\/uploads\/2025\/10\/4fdaa4ed3d05457d4f11f6165b199c8a,ae4a7c71\"   class=\"landscape\" loading=\"lazy\"\/><\/p>\n<p class=\"fig__caption__text\">Pfeilschnell und torgef\u00e4hrlich! Preu\u00dfen-St\u00fcrmer Oscar Vilhelmsson (r.) kommt immer besser in Schwung<\/p>\n<p>Foto: David Inderlied\/dpa<\/p>\n<p><b>Daf\u00fcr nahm er auch in Kauf, dass er an seinem Geburtstag auf dem Trainingsplatz ackern musste. 22 Jahre wurde der leicht schlaksige Skandinavier am Donnerstag jung. W\u00e4hrend zumindest seine Freundin bei ihm in M\u00fcnster war, gab&#8217;s die Gl\u00fcckw\u00fcnsche von den Eltern und der Familie leider nur telefonisch. Vilhelmsson: \u201eAber sie wollen mich demn\u00e4chst besuchen kommen. Dann werden wir die Feier nachholen und ich kann ihnen endlich mal die Stadt zeigen.\u201c<\/b><\/p>\n<p>Obwohl Ex-Klub Darmstadt 98 aktuell Spitzenreiter der 2. Liga ist, hat der Angreifer seinen Wechsel im Sommer zu den Preu\u00dfen nicht bereut. Noch keine einzige Minute. \u201eIch f\u00fchle mich total wohl hier, liebe meine Mannschaft und genie\u00dfe unsere Art, Fu\u00dfball zu spielen,\u201c schw\u00e4rmt Vilhelmsson und f\u00e4hrt fort, \u201eden Darmst\u00e4dtern g\u00f6nne ich von Herzen, dass es gerade so gut f\u00fcr sie l\u00e4uft. Aber auch wir k\u00f6nnen und werden uns noch steigern.\u201c<\/p>\n<p>35. Titel und 300. Tor: Die M\u00fcller-Party im Video!<a class=\"anchor video-teaser__anchor\" href=\"https:\/\/www.bild.de\/sport\/fussball\/35-titel-und-300-tor-die-mueller-party-im-video-68de13749ab5e8bd613dff0f\" target=\"_blank\" rel=\"noopener\"><img decoding=\"async\" width=\"992\" height=\"558\" alt=\"Teaser-Bild\" src=\"https:\/\/www.europesays.com\/de\/wp-content\/uploads\/2025\/10\/1230d6c08ee1811b364a9ad1642cf8bf-landscape,ddd975a6\"   class=\"landscape teaser__image\" loading=\"lazy\"\/><\/a><\/p>\n<p>Quelle: BILD\/ One Soccer02.10.2025<\/p>\n<p><b>Ein \u201eDreier\u201c bei der zu Hause bislang sieg- und sogar torlosen Hertha k\u00e4me daf\u00fcr goldrichtig. Zudem w\u00e4re er die verdiente Revanche f\u00fcr das knappe Scheitern im DFB-Pokal Mitte August, als der Hauptstadtclub im Stadion an der Hammer Stra\u00dfe in 120 Minuten fast durchweg zweiter Sieger war, am Ende jedoch im Elferschie\u00dfen die Nase vorn hatte. Weil Charalambos \u201eBabis\u201c Makridis (29) f\u00fcr die \u201eSchwarz-Wei\u00df-Gr\u00fcnen\u201c zu genau vom Punkt aus zielte und an der Lattenunterkante scheiterte&#8230;<\/b><\/p>\n<p>Chefcoach Alexander Ende (46) wird vor rund 50.000 Zuschauern, darunter bis zu 7000 (!) Preu\u00dfen-Fans, voraussichtlich die gleiche Elf ins Rennen schicken wie zuletzt beim Erfolg \u00fcber Braunschweig. Zumindest reisten die Preu\u00dfen am Freitag per Bahn mit unver\u00e4ndertem Kader an. Also erneut ohne Innenverteidiger Niko Koulis (26). Der geb\u00fcrtige Berliner h\u00e4tte aber wohl ohnehin den Auftritt in seiner Heimat verpasst, nachdem er sich unter der Woche im Training einen dicken Kn\u00f6chel zugezogen hat. Fies umgeknickt, Sprunggelenk angeschwollen, Verdacht auf B\u00e4nderverletzung. Die genaue Diagnose steht allerdings noch aus. <\/p>\n<p><img decoding=\"async\" width=\"992\" height=\"558\" alt=\"Preu\u00dfens Innenverteidiger Niko Koulis (3.v.r.) steigt zum Kopfball hoch. Gegen die Hertha fehlt er jedoch mit dickem Kn\u00f6chel im Kader\" src=\"https:\/\/www.europesays.com\/de\/wp-content\/uploads\/2025\/10\/5d28f6fed2b1b94a6fec1c3a6f5bfee6,b9f5c267\"   class=\"landscape\" loading=\"lazy\"\/><\/p>\n<p class=\"fig__caption__text\">Preu\u00dfens Innenverteidiger Niko Koulis (3.v.r.) steigt zum Kopfball hoch. Gegen die Hertha fehlt er jedoch mit dickem Kn\u00f6chel im Kader<\/p>\n<p>Foto: picture alliance\/dpa<\/p>\n<p><b>So k\u00f6nnten die Preu\u00dfen spielen.<\/b><\/p>\n<p><b>Preu\u00dfen: <\/b>Schenk \u2013 ter Horst, Heuer, Jaeckel, Bolay \u2013 Schulz, Prei\u00dfinger, Hendrix, Batista Meier \u2013 Vilhelmsson, Lokotsch.<\/p>\n<p><b>Hertha BSC:<\/b> Ernst \u2013 Gechter, Leistner, Dardai, Zeefuik \u2013 Thorsteinsson, Eichhorn, Cuisance \u2013 Winkler, Gr\u00f6ning, Reese.<\/p>\n","protected":false},"excerpt":{"rendered":"Keine Frage, er hat wieder Blut geleckt&#8230; Preu\u00dfen-St\u00fcrmer gibt Gas. \u201eSchweden-Oscar\u201c plant den 3. Streich. \u201eDas hat sich&hellip;\n","protected":false},"author":2,"featured_media":470916,"comment_status":"","ping_status":"","sticky":false,"template":"","format":"standard","meta":{"footnotes":""},"categories":[1825],"tags":[7658,7665,296,7659,7654,29,481,5085,30,7662,1088,7660,7661,8970,7653,7655,7650,7651,7656,819,7657,7652,45,784],"class_list":{"0":"post-470915","1":"post","2":"type-post","3":"status-publish","4":"format-standard","5":"has-post-thumbnail","7":"category-berlin","8":"tag-alsmann-goetz","9":"tag-amenyido-etienne","10":"tag-berlin","11":"tag-brinkmann-ansgar","12":"tag-daube-dennis","13":"tag-deutschland","14":"tag-dfb","15":"tag-dfl","16":"tag-germany","17":"tag-hendrix-jorrit","18":"tag-hertha-bsc","19":"tag-kirkeskov-mikkel","20":"tag-mees-joshua","21":"tag-muenster","22":"tag-niemeyer-peter","23":"tag-pander-christian","24":"tag-preussen-muenster","25":"tag-preussenstadion","26":"tag-schuth-joachim","27":"tag-sport-leuchtturm-essen","28":"tag-sport-bild","29":"tag-straesser-christoph","30":"tag-texttospeech","31":"tag-zweite-bundesliga"},"share_on_mastodon":{"url":"https:\/\/pubeurope.com\/@de\/115312275337794808","error":""},"_links":{"self":[{"href":"https:\/\/www.europesays.com\/de\/wp-json\/wp\/v2\/posts\/470915","targetHints":{"allow":["GET"]}}],"collection":[{"href":"https:\/\/www.europesays.com\/de\/wp-json\/wp\/v2\/posts"}],"about":[{"href":"https:\/\/www.europesays.com\/de\/wp-json\/wp\/v2\/types\/post"}],"author":[{"embeddable":true,"href":"https:\/\/www.europesays.com\/de\/wp-json\/wp\/v2\/users\/2"}],"replies":[{"embeddable":true,"href":"https:\/\/www.europesays.com\/de\/wp-json\/wp\/v2\/comments?post=470915"}],"version-history":[{"count":0,"href":"https:\/\/www.europesays.com\/de\/wp-json\/wp\/v2\/posts\/470915\/revisions"}],"wp:featuredmedia":[{"embeddable":true,"href":"https:\/\/www.europesays.com\/de\/wp-json\/wp\/v2\/media\/470916"}],"wp:attachment":[{"href":"https:\/\/www.europesays.com\/de\/wp-json\/wp\/v2\/media?parent=470915"}],"wp:term":[{"taxonomy":"category","embeddable":true,"href":"https:\/\/www.europesays.com\/de\/wp-json\/wp\/v2\/categories?post=470915"},{"taxonomy":"post_tag","embeddable":true,"href":"https:\/\/www.europesays.com\/de\/wp-json\/wp\/v2\/tags?post=470915"}],"curies":[{"name":"wp","href":"https:\/\/api.w.org\/{rel}","templated":true}]}}