{"id":470921,"date":"2025-10-03T21:09:12","date_gmt":"2025-10-03T21:09:12","guid":{"rendered":"https:\/\/www.europesays.com\/de\/470921\/"},"modified":"2025-10-03T21:09:12","modified_gmt":"2025-10-03T21:09:12","slug":"heidi-klum-posiert-im-gewagten-transparent-look-doch-was-hat-sie-da-im-mund","status":"publish","type":"post","link":"https:\/\/www.europesays.com\/de\/470921\/","title":{"rendered":"Heidi Klum posiert im gewagten Transparent-Look \u2013 doch was hat sie da im Mund?"},"content":{"rendered":"<p>Ein Hauch von Nichts<\/p>\n<p>Heidi Klum posiert im gewagten Transparent-Look \u2013 was hat sie im Mund?<\/p>\n<p><img decoding=\"async\" data-hk=\"00932120a12011002010\" loading=\"lazy\" src=\"https:\/\/www.europesays.com\/de\/wp-content\/uploads\/2025\/10\/b2b78043-a725-40d2-86f4-3844545cd5fd.b5ea1f89-a383-4a40-b3d9-0e34e4ff145b.JPG\" alt=\"Sebastian Berning\" width=\"48\" height=\"48\"\/>Sebastian Berningvon <a href=\"https:\/\/www.bunte.de\/autoren\/sebastian-berning_5907afdc-29e4-4eba-bd48-e5b7c895a5e7.html\" rel=\"nofollow noopener\" target=\"_blank\">Sebastian Berning<\/a><\/p>\n<p>03.10.2025, 21:28 Uhr<\/p>\n<p>03. Oktober 2025 um 21:28 Uhr<\/p>\n<p>Heidi Klum legt in Paris einen denkw\u00fcrdigen Auftritt in einem mehr als gewagten Kleid hin. Doch der wahre Blickfang ist ihr Mund.<\/p>\n<p>Mit diesem Red-Carpet-Auftritt zieht <a href=\"https:\/\/www.bunte.de\/starprofile\/heidi-klum.html\" rel=\"follow nofollow noopener\" target=\"_self\">Heidi Klum<\/a> (52) alle Blicke auf sich. Die Chefin von &#8222;Germany&#8217;s Next Topmodel&#8220; zeigt sich zwar in ein Kleid geh\u00fcllt, doch das transparente Textil verdeckt im Grunde nichts.<\/p>\n<p><img decoding=\"async\" data-hk=\"00932120a19110302010\" loading=\"lazy\"  src=\"https:\/\/www.europesays.com\/de\/wp-content\/uploads\/2025\/10\/1759525752_755_b5a9e922-de85-4978-876c-56f329545e4b.cdf9e26d-c18c-46c6-b6fe-ec27d527922b.png\"  alt=\"Heidi Klum bei einem Event in Paris\" width=\"499\" height=\"720\"\/> Heidi Klum bei einem Event in Paris  Imago Images Heidi Klum: In Paris tr\u00e4gt sie einen Hauch von Nichts<\/p>\n<p>Heidi Klum ist bei der Pariser Fashion Week zu Gast. Beim Besuch der Vetements-Womenswear-Gala zieht sie alle Blicke auf sich. Denn das Model tr\u00e4gt ein transparentes Kleid mit hauchd\u00fcnnen silbernen N\u00e4hten. Einzig ein heller String blitzt unter dem Kleid hervor. Einen BH tr\u00e4gt sie nicht.<\/p>\n<p>ANZEIGE<\/p>\n<p>Da es in Paris derzeit auch eher k\u00fchl ist, hat sie auf dem roten Teppich und beim Event einen gro\u00dfen, grauen Mantel an. Ebenfalls erstaunlich: Im Mund tr\u00e4gt sie silberne Grillz, also eine Art Gebiss, welches man \u00fcber die eigenen Z\u00e4hne zieht. Das passt farblich immerhin zum Kleid.\u00a0<\/p>\n<p>GNTM-Siegerin total begeistert von Heidi Klums Look<\/p>\n<p>Auf ihrem Instagram-Profil teilt <a href=\"https:\/\/www.bunte.de\/stars\/oft-gehaenselt-heidi-klum-packt-ueber-schwere-schulzeit-aus_8ac7ab41-fa17-4302-968d-3a5d6cde572f.html\" rel=\"follow nofollow noopener\" target=\"_self\">Heidi Klum, die in der Schule gemobbt wurde<\/a>, einen Beitrag vom &#8222;Elle&#8220;-Magazin. Fan-Kommentare kann man bei ihr nicht lesen, da sie die Kommentar-Funktion ausgeschaltet hat. Aber beim Originalbeitrag zeigen sich viele Menschen mehr als verbl\u00fcfft von dem freiz\u00fcgigen Look.<\/p>\n<p>ANZEIGE<\/p>\n<p>GNTM-Siegerin Stefanie Giesinger etwa schreibt: &#8222;Hot!&#8220; Jemand anderes meint: &#8222;Das sieht wundersch\u00f6n aus. Es ist nichts falsch an einem K\u00f6rper \u2013 egal welche Gr\u00f6\u00dfe, egal welches Alter.<br \/>Sie sieht spitze aus.&#8220; Auch liest man: &#8222;Wow, jede Frau \u00dc50 w\u00fcrde sich gl\u00fccklich sch\u00e4tzen, so einen Body zu haben. Davon abgesehen: Es ist ihr Job, aufzufallen.&#8220;<\/p>\n","protected":false},"excerpt":{"rendered":"Ein Hauch von Nichts Heidi Klum posiert im gewagten Transparent-Look \u2013 was hat sie im Mund? Sebastian Berningvon&hellip;\n","protected":false},"author":2,"featured_media":470922,"comment_status":"","ping_status":"","sticky":false,"template":"","format":"standard","meta":{"footnotes":""},"categories":[1776],"tags":[1801,29,214,30,1802,215],"class_list":{"0":"post-470921","1":"post","2":"type-post","3":"status-publish","4":"format-standard","5":"has-post-thumbnail","7":"category-prominente","8":"tag-celebrities","9":"tag-deutschland","10":"tag-entertainment","11":"tag-germany","12":"tag-prominente","13":"tag-unterhaltung"},"share_on_mastodon":{"url":"https:\/\/pubeurope.com\/@de\/115312287270484034","error":""},"_links":{"self":[{"href":"https:\/\/www.europesays.com\/de\/wp-json\/wp\/v2\/posts\/470921","targetHints":{"allow":["GET"]}}],"collection":[{"href":"https:\/\/www.europesays.com\/de\/wp-json\/wp\/v2\/posts"}],"about":[{"href":"https:\/\/www.europesays.com\/de\/wp-json\/wp\/v2\/types\/post"}],"author":[{"embeddable":true,"href":"https:\/\/www.europesays.com\/de\/wp-json\/wp\/v2\/users\/2"}],"replies":[{"embeddable":true,"href":"https:\/\/www.europesays.com\/de\/wp-json\/wp\/v2\/comments?post=470921"}],"version-history":[{"count":0,"href":"https:\/\/www.europesays.com\/de\/wp-json\/wp\/v2\/posts\/470921\/revisions"}],"wp:featuredmedia":[{"embeddable":true,"href":"https:\/\/www.europesays.com\/de\/wp-json\/wp\/v2\/media\/470922"}],"wp:attachment":[{"href":"https:\/\/www.europesays.com\/de\/wp-json\/wp\/v2\/media?parent=470921"}],"wp:term":[{"taxonomy":"category","embeddable":true,"href":"https:\/\/www.europesays.com\/de\/wp-json\/wp\/v2\/categories?post=470921"},{"taxonomy":"post_tag","embeddable":true,"href":"https:\/\/www.europesays.com\/de\/wp-json\/wp\/v2\/tags?post=470921"}],"curies":[{"name":"wp","href":"https:\/\/api.w.org\/{rel}","templated":true}]}}