{"id":471134,"date":"2025-10-03T23:12:14","date_gmt":"2025-10-03T23:12:14","guid":{"rendered":"https:\/\/www.europesays.com\/de\/471134\/"},"modified":"2025-10-03T23:12:14","modified_gmt":"2025-10-03T23:12:14","slug":"autoindustrie-von-der-leyen-will-autonomes-fahren-in-europa-vorantreiben","status":"publish","type":"post","link":"https:\/\/www.europesays.com\/de\/471134\/","title":{"rendered":"Autoindustrie: Von der Leyen will autonomes Fahren in Europa vorantreiben"},"content":{"rendered":"<p class=\"paragraph article__item\">EU-Kommissionspr\u00e4sidentin <a href=\"https:\/\/www.zeit.de\/thema\/ursula-von-der-leyen\" class=\"\" target=\"_blank\" rel=\"noopener\">Ursula von<br \/>\nder Leyen<\/a> hat einen<br \/>\neuropaweiten Vorsto\u00df zur Entwicklung selbstfahrender Autos gefordert.<br \/>\n<a href=\"https:\/\/www.zeit.de\/thema\/kuenstliche-intelligenz\" class=\"\" target=\"_blank\" rel=\"noopener\">K\u00fcnstliche Intelligenz<\/a> k\u00f6nne helfen, die angeschlagene Autoindustrie in <a class=\"rtr-entity\" href=\"https:\/\/www.zeit.de\/thema\/europa\" target=\"_blank\" rel=\"noopener\">Europa<\/a><br \/>\nwieder zu st\u00e4rken und die Verkehrssicherheit zu verbessern, sagte sie auf der Italian Tech Week in Turin.\n<\/p>\n<p class=\"paragraph article__item\">&#8222;Selbstfahrende<br \/>\nAutos sind in den USA und in China bereits Realit\u00e4t. Dasselbe sollte auch hier<br \/>\nin Europa gelten&#8220;, sagte von der Leyen. Sie warb daf\u00fcr, <a class=\"rtr-entity\" href=\"https:\/\/www.zeit.de\/thema\/kuenstliche-intelligenz\" target=\"_blank\" rel=\"noopener\">K\u00fcnstliche Intelligenz<\/a> in allen strategischen Industrien, insbesondere<br \/>\nim Bereich der Mobilit\u00e4t, voranzutreiben.\u00a0Die EU-Kommissionspr\u00e4sidentin schlug zudem vor, autonomes Fahren in Pilotprojekten in europ\u00e4ischen St\u00e4dten zu testen. In Italien sollen bereits zahlreiche B\u00fcrgermeister Interesse daran bekundet haben.\u00a0\n<\/p>\n<p class=\"paragraph article__item\">Von der Leyen sicherte<br \/>\nzudem EU-Unterst\u00fctzung f\u00fcr die Entwicklung von<br \/>\nFahrzeugen zu, die in Europa hergestellt und f\u00fcr europ\u00e4ische Stra\u00dfen<br \/>\nkonzipiert seien. &#8222;Die Zukunft der Autos \u2013<br \/>\nund die Autos der Zukunft \u2013 m\u00fcssen in Europa<br \/>\nhergestellt werden&#8220;, sagte sie. Zuvor hatte die EU-Kommission angek\u00fcndigt, die<br \/>\n<a href=\"https:\/\/www.zeit.de\/mobilitaet\/2025-09\/deutsche-autoindustrie-elektromobilitaet-absatz-arbeitsplaetze-wirtschaftslage\" class=\"\" target=\"_blank\" rel=\"noopener\">Wettbewerbsf\u00e4higkeit der europ\u00e4ischen Industrie<\/a><br \/>\nst\u00e4rken zu wollen, damit Europa mit den technologischen Entwicklungen im Ausland, insbesondere in <a class=\"rtr-entity\" href=\"https:\/\/www.zeit.de\/thema\/china\" target=\"_blank\" rel=\"noopener\">China<\/a> und den USA, Schritt halten kann.\n<\/p>\n<p>        Bundesklimaschutzminister will Elektromobilit\u00e4t f\u00f6rdern        <\/p>\n<p class=\"paragraph article__item\">Die Bundesregierung plant ebenfalls Ma\u00dfnahmen zur Unterst\u00fctzung der <a href=\"https:\/\/www.zeit.de\/thema\/autoindustrie\" class=\"\" target=\"_blank\" rel=\"noopener\">Autoindustrie<\/a>. Bundesklimaschutzminister <a href=\"https:\/\/www.zeit.de\/thema\/carsten-schneider\" class=\"\" target=\"_blank\" rel=\"noopener\">Carsten Schneider<\/a> will zum anstehenden<br \/>\nAutogipfel ein Paket zur F\u00f6rderung von <a class=\"rtr-entity\" href=\"https:\/\/www.zeit.de\/thema\/elektromobilitaet\" target=\"_blank\" rel=\"noopener\">Elektromobilit\u00e4t<\/a> aus Europa anschieben. &#8222;Beim Treffen mit<br \/>\nder Automobilindustrie und den Gewerkschaften n\u00e4chste Woche werden wir \u00fcber die<br \/>\ngesamte Kette der Elektromobilit\u00e4t reden&#8220;, sagte der SPD-Politiker dem\u00a0Redaktionsnetzwerk Deutschland (RND).\u00a0\u00a0\n<\/p>\n<p class=\"paragraph article__item\">Deutschland sei der zweitgr\u00f6\u00dfte E-Auto-Produzent der Welt. Jetzt<br \/>\nm\u00fcsse jedoch auch die Batterieproduktion in Europa ausgebaut werden. &#8222;Au\u00dferdem<br \/>\nbrauchen wir nicht nur Premiumlimousinen, sondern auch die mittlere und<br \/>\nkleinere Wagenklasse&#8220;, sagte Schneider.\n<\/p>\n<p class=\"paragraph article__item\">&#8222;Ich erhoffe mir ein Paket,<br \/>\ndas die Verunsicherung nimmt und klar zum Ausdruck bringt, dass diese<br \/>\nBundesregierung klimaneutrales Fahren und Innovationen nicht China \u00fcberl\u00e4sst&#8220;, sagte Schneider.\u00a0Dazu stimme man sich gerade in der Regierung ab. Gemeinsam mit Bundesarbeitsministerin B\u00e4rbel Bas werde er in der n\u00e4chsten Woche mit den<br \/>\nBetriebsr\u00e4ten der gro\u00dfen Zulieferer und Unternehmen sprechen, sagte der Minister.<br \/>\nAuch mit den Unternehmen und Umweltverb\u00e4nden soll es Gespr\u00e4che geben.\n<\/p>\n<p>                        Lades\u00e4ulen an Tankstellen sollen Pflicht werden        <\/p>\n<p class=\"paragraph article__item\">Au\u00dferdem sprach sich Schneider f\u00fcr eine<br \/>\nLades\u00e4ulenpflicht an Tankstellen aus. &#8222;Ich bin daf\u00fcr, Tankstellen zu<br \/>\nverpflichten, nicht nur Benzin und Diesel, sondern auch Strom anzubieten&#8220;,<br \/>\nsagte er. Auf dem Land gebe es<br \/>\nnicht \u00fcberall genug Lades\u00e4ulen. &#8222;Das Problem m\u00fcssen wir l\u00f6sen. Laden muss so<br \/>\neinfach werden wie tanken.&#8220;\n<\/p>\n<p class=\"paragraph article__item\">In den St\u00e4dten wiederum m\u00fcssten viele \u00f6ffentlich laden, da sie<br \/>\nkeinen eigenen Stellplatz und keine Wallbox h\u00e4tten. &#8222;Sie brauchen eine<br \/>\nattraktivere Preisstruktur f\u00fcr den Ladestrom. Elektrisch unterwegs zu sein,<br \/>\nsoll sich nicht nur f\u00fcr die Umwelt auszahlen, <a href=\"https:\/\/www.zeit.de\/mobilitaet\/2025-09\/elektroauto-verbrenner-preis-reichweite-rechner\" class=\"\" target=\"_blank\" rel=\"noopener\">sondern auch f\u00fcr den Geldbeutel<\/a>&#8222;, sagte der Minister. Auch die Transparenz der Preise m\u00fcsse besser werden. &#8222;Es darf<br \/>\nkeine Abzocke an den Lades\u00e4ulen geben.&#8220;\n<\/p>\n<p>            Autoindustrie        <\/p>\n<p>Mehr zum Thema<\/p>\n<p>                <a href=\"https:\/\/www.zeit.de\/2025\/42\/stellenabbau-bosch-autoindustrie-technologie-zukunft\" data-ct-label=\"Stellenabbau bei Bosch: Jetzt m\u00fcssen sogar die gehen, deren Job als zukunftssicher galt\" target=\"_blank\" rel=\"noopener\"><\/p>\n<p>        Z+ (abopflichtiger Inhalt);<\/p>\n<p>    Stellenabbau bei Bosch:<br \/>\n                        Jetzt m\u00fcssen sogar die gehen, deren Job als zukunftssicher galt<\/p>\n<p>                <\/a><\/p>\n<p>                <a href=\"https:\/\/www.zeit.de\/mobilitaet\/2025-09\/verbrennerverbot-2035-friedrich-merz-verbrenner-aus-eu-gipfel-gxe\" data-ct-label=\"EU-Gipfel: Schon wieder die Deutschen mit ihrem Verbrenner\" target=\"_blank\" rel=\"noopener\"><\/p>\n<p>        Z+ (abopflichtiger Inhalt);<\/p>\n<p>    EU-Gipfel:<br \/>\n                        Schon wieder die Deutschen mit ihrem Verbrenner<\/p>\n<p>                <\/a><\/p>\n<p>                <a href=\"https:\/\/www.zeit.de\/mobilitaet\/2025-09\/elektroauto-verbrenner-preis-reichweite-rechner\" data-ct-label=\"Elektroauto: Lohnt sich ein E-Auto f\u00fcr Sie? Testen Sie es mit unserem Rechner\" target=\"_blank\" rel=\"noopener\"><\/p>\n<p>        Z+ (abopflichtiger Inhalt);<\/p>\n<p>    Elektroauto:<br \/>\n                        Lohnt sich ein E-Auto f\u00fcr Sie? Testen Sie es mit unserem Rechner<\/p>\n<p>                <\/a><\/p>\n","protected":false},"excerpt":{"rendered":"EU-Kommissionspr\u00e4sidentin Ursula von der Leyen hat einen europaweiten Vorsto\u00df zur Entwicklung selbstfahrender Autos gefordert. K\u00fcnstliche Intelligenz k\u00f6nne helfen,&hellip;\n","protected":false},"author":2,"featured_media":471135,"comment_status":"","ping_status":"","sticky":false,"template":"","format":"standard","meta":{"footnotes":""},"categories":[3933],"tags":[331,332,371,46653,227,548,663,158,3934,3935,13,355,4777,1466,14,15,12,20478,1493,64],"class_list":{"0":"post-471134","1":"post","2":"type-post","3":"status-publish","4":"format-standard","5":"has-post-thumbnail","7":"category-eu","8":"tag-aktuelle-nachrichten","9":"tag-aktuelle-news","10":"tag-autoindustrie","11":"tag-carsten-schneider","12":"tag-china","13":"tag-eu","14":"tag-europa","15":"tag-europaeische-union","16":"tag-europe","17":"tag-european-union","18":"tag-headlines","19":"tag-italien","20":"tag-kommissionspraesidentin","21":"tag-mobilitaet","22":"tag-nachrichten","23":"tag-news","24":"tag-schlagzeilen","25":"tag-turin","26":"tag-ursula-von-der-leyen","27":"tag-usa"},"share_on_mastodon":{"url":"https:\/\/pubeurope.com\/@de\/115312770605810385","error":""},"_links":{"self":[{"href":"https:\/\/www.europesays.com\/de\/wp-json\/wp\/v2\/posts\/471134","targetHints":{"allow":["GET"]}}],"collection":[{"href":"https:\/\/www.europesays.com\/de\/wp-json\/wp\/v2\/posts"}],"about":[{"href":"https:\/\/www.europesays.com\/de\/wp-json\/wp\/v2\/types\/post"}],"author":[{"embeddable":true,"href":"https:\/\/www.europesays.com\/de\/wp-json\/wp\/v2\/users\/2"}],"replies":[{"embeddable":true,"href":"https:\/\/www.europesays.com\/de\/wp-json\/wp\/v2\/comments?post=471134"}],"version-history":[{"count":0,"href":"https:\/\/www.europesays.com\/de\/wp-json\/wp\/v2\/posts\/471134\/revisions"}],"wp:featuredmedia":[{"embeddable":true,"href":"https:\/\/www.europesays.com\/de\/wp-json\/wp\/v2\/media\/471135"}],"wp:attachment":[{"href":"https:\/\/www.europesays.com\/de\/wp-json\/wp\/v2\/media?parent=471134"}],"wp:term":[{"taxonomy":"category","embeddable":true,"href":"https:\/\/www.europesays.com\/de\/wp-json\/wp\/v2\/categories?post=471134"},{"taxonomy":"post_tag","embeddable":true,"href":"https:\/\/www.europesays.com\/de\/wp-json\/wp\/v2\/tags?post=471134"}],"curies":[{"name":"wp","href":"https:\/\/api.w.org\/{rel}","templated":true}]}}