{"id":471211,"date":"2025-10-03T23:57:29","date_gmt":"2025-10-03T23:57:29","guid":{"rendered":"https:\/\/www.europesays.com\/de\/471211\/"},"modified":"2025-10-03T23:57:29","modified_gmt":"2025-10-03T23:57:29","slug":"beliebte-boyband-kuendigt-comeback-an","status":"publish","type":"post","link":"https:\/\/www.europesays.com\/de\/471211\/","title":{"rendered":"Beliebte Boyband k\u00fcndigt Comeback an"},"content":{"rendered":"<p><img alt=\"Die ehemalige Boyband Boyzone hat ein Konzert angek\u00fcndigt. (Bild: Tim P. Whitby\/Getty Images)\" loading=\"lazy\" width=\"960\" height=\"600\" decoding=\"async\" data-nimg=\"1\" class=\"rounded-lg\" style=\"color:transparent\" src=\"https:\/\/www.europesays.com\/de\/wp-content\/uploads\/2025\/10\/060a7ae7c226958dfc30ae4bf2718e08.jpeg\"\/><\/p>\n<p>Die ehemalige Boyband Boyzone hat ein Konzert angek\u00fcndigt. (Bild: Tim P. Whitby\/Getty Images)<\/p>\n<p class=\"mb-4 text-lg md:leading-8 break-words\">Die beliebte <a data-i13n=\"cpos:1;pos:1\" href=\"https:\/\/de.nachrichten.yahoo.com\/boyzone-schmei%C3%9Fen-endg%C3%BCltig-handtuch-101411283.html\" data-ylk=\"slk:Band Boyzone;cpos:1;pos:1;elm:context_link;itc:0;sec:content-canvas;outcm:mb_qualified_link;_E:mb_qualified_link;ct:story;\" class=\"link  yahoo-link\" target=\"_blank\" rel=\"noopener\">Band Boyzone<\/a> hat ihr Comeback angek\u00fcndigt. F\u00fcr ein Konzert betreten die verbliebenen Mitglieder wieder die B\u00fchne.<\/p>\n<p class=\"mb-4 text-lg md:leading-8 break-words\">In den 90er-Jahren feierten sie mit Hits wie &#8222;No Matter What&#8220; und &#8222;Words&#8220; gro\u00dfe Erfolge &#8211; jetzt kehrt die beliebte Boygroup Boyzone auf die B\u00fchne zur\u00fcck. Die irische Pop-Band wird unter dem Titel &#8222;One For The Road: Live At Emirates Stadium&#8220; am Samstag, 6. Juni 2026, im Emirates Stadium in London auftreten, und zwar in vollst\u00e4ndiger Original-Besetzung, bis auf den verstorbenen Stephen Gately, dem mit diesem Konzert Tribut gezollt werden soll.<\/p>\n<p class=\"mb-4 text-lg md:leading-8 break-words\">Laut &#8222;The Sun&#8220; plant die Gruppe um <a data-i13n=\"cpos:2;pos:1\" href=\"https:\/\/de.nachrichten.yahoo.com\/urteil-autounfall-ronan-keating-kritisiert-104426422.html\" data-ylk=\"slk:Ronan Keating;cpos:2;pos:1;elm:context_link;itc:0;sec:content-canvas;outcm:mb_qualified_link;_E:mb_qualified_link;ct:story;\" class=\"link  yahoo-link\" target=\"_blank\" rel=\"noopener\">Ronan Keating<\/a>, <a data-i13n=\"cpos:3;pos:1\" href=\"https:\/\/de.nachrichten.yahoo.com\/25-jahren-scheidung-boyzone-star-173148765.html\" data-ylk=\"slk:Keith Duffy;cpos:3;pos:1;elm:context_link;itc:0;sec:content-canvas;outcm:mb_qualified_link;_E:mb_qualified_link;ct:story;\" class=\"link  yahoo-link\" target=\"_blank\" rel=\"noopener\">Keith Duffy<\/a>, Mikey Graham und <a data-i13n=\"cpos:4;pos:1\" href=\"https:\/\/de.nachrichten.yahoo.com\/shane-lynch-keine-weiteren-auftritte-100000994.html\" data-ylk=\"slk:Shane Lynch;cpos:4;pos:1;elm:context_link;itc:0;sec:content-canvas;outcm:mb_qualified_link;_E:mb_qualified_link;ct:story;\" class=\"link  yahoo-link\" target=\"_blank\" rel=\"noopener\">Shane Lynch<\/a> eine spezielle Hommage an Stephen Gately, der am 10. Oktober 2009 im Alter von nur 33 Jahren auf Mallorca an einem Lungen\u00f6dem verstarb. Die Band k\u00fcndigte das Konzert auch auf ihrem <a data-i13n=\"cpos:5;pos:1\" href=\"https:\/\/www.instagram.com\/reel\/DPN5aT7jZJJ\/?utm_source=ig_web_copy_link\" rel=\"nofollow noopener\" target=\"_blank\" data-ylk=\"slk:Instagram-Profil;cpos:5;pos:1;elm:context_link;itc:0;sec:content-canvas\" class=\"link \">Instagram-Profil<\/a> an. Zuvor war in diesem Jahr die Sky-Dokumentation &#8222;Boyzone: No Matter What&#8220; ver\u00f6ffentlicht worden, die dank des positiven Feedbacks ma\u00dfgeblich zur Comeback-Entscheidung beigetragen habe.<\/p>\n<p class=\"mb-4 text-lg md:leading-8 break-words\">Allerdings soll es vorerst bei einem einzigen Auftritt bleiben. Zus\u00e4tzliche Tourdaten in Gro\u00dfbritannien oder anderswo sind nach derzeitigem Stand nicht geplant. Aufgrund der erwarteten Nachfrage k\u00f6nne es allerdings zu weiteren Terminen in London kommen, hie\u00df es aus Veranstalterkreisen.<\/p>\n<p class=\"mb-4 text-lg md:leading-8 break-words\">Boyzone wurde 1993 gegr\u00fcndet und hatte nach \u00fcber zehn Millionen verkauften Tontr\u00e4gern seinen vorerst letzten Auftritt sieben Jahre sp\u00e4ter. Anschlie\u00dfend trat Ronan Keating erfolgreich als Solok\u00fcnstler auf, ehe die Band im Jahr 2007 ein Comeback feierte und im darauffolgenden Jahr eine Tour durch Irland sowie das Vereinigte K\u00f6nigreich absolvierte.<\/p>\n<p><a data-ylk=\"ct:story;elm:img;itc:0;\" class=\"stretched-box\" href=\"https:\/\/whatsapp.com\/channel\/0029Vb475RN0lwgxhmPc4U1Z\" rel=\"noopener noreferrer nofollow\" target=\"_blank\"><img alt=\"\" loading=\"lazy\" width=\"960\" height=\"144\" decoding=\"async\" data-nimg=\"1\" class=\"rounded-lg\" style=\"color:transparent\" src=\"https:\/\/www.europesays.com\/de\/wp-content\/uploads\/2025\/09\/76b73760-2749-11f0-beb9-381b8c3c54f4.jpeg\"\/><\/a><script async src=\"\/\/www.instagram.com\/embed.js\"><\/script><\/p>\n","protected":false},"excerpt":{"rendered":"Die ehemalige Boyband Boyzone hat ein Konzert angek\u00fcndigt. (Bild: Tim P. Whitby\/Getty Images) Die beliebte Band Boyzone hat&hellip;\n","protected":false},"author":2,"featured_media":471212,"comment_status":"","ping_status":"","sticky":false,"template":"","format":"standard","meta":{"footnotes":""},"categories":[1772],"tags":[4709,119986,29,214,30,1310,1779,810,70939,118434,215],"class_list":{"0":"post-471211","1":"post","2":"type-post","3":"status-publish","4":"format-standard","5":"has-post-thumbnail","7":"category-musik","8":"tag-comeback","9":"tag-comeback-entscheidung","10":"tag-deutschland","11":"tag-entertainment","12":"tag-germany","13":"tag-konzert","14":"tag-music","15":"tag-musik","16":"tag-ronan-keating","17":"tag-stephen-gately","18":"tag-unterhaltung"},"share_on_mastodon":{"url":"https:\/\/pubeurope.com\/@de\/115312947824956715","error":""},"_links":{"self":[{"href":"https:\/\/www.europesays.com\/de\/wp-json\/wp\/v2\/posts\/471211","targetHints":{"allow":["GET"]}}],"collection":[{"href":"https:\/\/www.europesays.com\/de\/wp-json\/wp\/v2\/posts"}],"about":[{"href":"https:\/\/www.europesays.com\/de\/wp-json\/wp\/v2\/types\/post"}],"author":[{"embeddable":true,"href":"https:\/\/www.europesays.com\/de\/wp-json\/wp\/v2\/users\/2"}],"replies":[{"embeddable":true,"href":"https:\/\/www.europesays.com\/de\/wp-json\/wp\/v2\/comments?post=471211"}],"version-history":[{"count":0,"href":"https:\/\/www.europesays.com\/de\/wp-json\/wp\/v2\/posts\/471211\/revisions"}],"wp:featuredmedia":[{"embeddable":true,"href":"https:\/\/www.europesays.com\/de\/wp-json\/wp\/v2\/media\/471212"}],"wp:attachment":[{"href":"https:\/\/www.europesays.com\/de\/wp-json\/wp\/v2\/media?parent=471211"}],"wp:term":[{"taxonomy":"category","embeddable":true,"href":"https:\/\/www.europesays.com\/de\/wp-json\/wp\/v2\/categories?post=471211"},{"taxonomy":"post_tag","embeddable":true,"href":"https:\/\/www.europesays.com\/de\/wp-json\/wp\/v2\/tags?post=471211"}],"curies":[{"name":"wp","href":"https:\/\/api.w.org\/{rel}","templated":true}]}}