{"id":471363,"date":"2025-10-04T01:21:15","date_gmt":"2025-10-04T01:21:15","guid":{"rendered":"https:\/\/www.europesays.com\/de\/471363\/"},"modified":"2025-10-04T01:21:15","modified_gmt":"2025-10-04T01:21:15","slug":"doppelpack-rettet-trainer-job-hansa-rostock-kaempft-sich-zu-remis-in-duisburg-sport","status":"publish","type":"post","link":"https:\/\/www.europesays.com\/de\/471363\/","title":{"rendered":"Doppelpack rettet Trainer-Job! Hansa Rostock k\u00e4mpft sich zu Remis in Duisburg | Sport"},"content":{"rendered":"<p><b>Es gab zwar keine drei Punkte. Dennoch d\u00fcrfte das 2:2 von Drittligist Hansa Rostock bei Spitzenreiter MSV Duisburg den Job von Trainer Daniel Brinkmann vorerst gesichert haben. <\/b><\/p>\n<p>Die mitgereisten Fans feierten den Trainer nach Abpfiff mit lauten \u201eDaniel Brinkmann\u201c-Sprechch\u00f6ren. D\u00fcrfte angesichts der schweren Zeiten guttun. Klar n\u00e4mlich auch: Bei einer Pleite w\u00e4re es f\u00fcr Brinkmann wohl richtig eng geworden. <\/p>\n<p>Doch in Duisburg kam die Kogge nach zweifachem R\u00fcckstand zur\u00fcck und sicherte sich zumindest einen Punkt. Spricht daf\u00fcr, dass es in der Truppe und zwischen Trainer und Spielern stimmt.<\/p>\n<p>Hansa mit einer \u00c4nderung in der Startelf: Trainer Brinkmann brachte Jan Mejdr anstelle von Urgestein Nico Neidhart von Beginn weg. <\/p>\n<p><b>Die ungeschlagenen Zebras mit dem gro\u00dfen Selbstvertrauen \u2013 Hansa nach den letzten Ergebnissen, mit nur einem Punkt aus den letzten drei Partien, verunsichert.<\/b><\/p>\n<p>Mehr zum Thema<\/p>\n<p><b>15. Minute: Riesenchance f\u00fcr den Spitzenreiter! <\/b>MSV-Profi Joshua Bitter kam aus sechs Metern im Strafraum alleine an die Kugel \u2013 Hansa-Kapit\u00e4n Franz Pfanne kl\u00e4rte in h\u00f6chster Not per Gr\u00e4tsche vor der Linie. <\/p>\n<p>Auch interessant<\/p>\n<p>Anzeige<\/p>\n<p>Auch interessant<\/p>\n<p>Anzeige<\/p>\n<p><b>36. Minute: 1:0 Duisburg!<\/b> Das Leder kommt nach einem Uphoff-Abschlag irgendwie durch das komplette Mittelfeld zur\u00fcck. Die Hansa-Abwehr anschlie\u00dfend total ungeordnet. Patrick Sussek entwischte und sorgte mit einem frechen Lupfer f\u00fcr den F\u00fchrungstreffer. Wieder ein R\u00fcckstand f\u00fcr Rostock! <\/p>\n<p><b>47. Minute 1:1 Ausgleich!<\/b> Die Hansa-Antwort zur perfekten Zeit. Cedric Harenbrock packte den linken Hammer aus 23 Metern aus. Traumtor! Hansa dieses Mal extrem effektiv. Bis dahin wurde die Kogge n\u00e4mlich nur selten gef\u00e4hrlich. <\/p>\n<p>Nach der Pause entwickelte sich ein offener Schlagabtausch. MSV-St\u00fcrmer Thilo T\u00f6pken hatte vor der hei\u00dfen Schlussphase die beste Gelegenheit. Sein Kopfball ging nur knapp am G\u00e4ste-Kasten vorbei. (55.)  <\/p>\n<p><img decoding=\"async\" width=\"992\" height=\"558\" alt=\"Viel los im Freitagabendspiel zwischen Duisburg und Hansa\" src=\"https:\/\/www.europesays.com\/de\/wp-content\/uploads\/2025\/10\/94c25479ec179739e96553c0aeaca980,99c2027d\"   class=\"landscape\" loading=\"lazy\"\/><\/p>\n<p class=\"fig__caption__text\">Viel los im Freitagabendspiel zwischen Duisburg und Hansa <\/p>\n<p>Foto: Lutz Bongarts<\/p>\n<p><b>71 Minute: 2:1 Duisburg!<\/b> Die Zebras sind nicht aufzuhalten. Teamkollege Tobias Fleckstein machte es besser. Er nickte alleine aus f\u00fcnf Metern zum viel umjubelten F\u00fchrungstreffer ein. <\/p>\n<p><b>76. Minute: Der prompte Ausgleich!<\/b> Wieder hatte <a href=\"https:\/\/www.bild.de\/sport\/fussball\/hansa-rostock\/startseite-hansa-rostock-62717276.bild.html\" class=\"text-link\" target=\"_blank\" rel=\"noopener\">Hansa<\/a> die Antwort parat. Der MSV konnte einen weiten Einwurf nicht kl\u00e4ren. Wieder ist Harenbrock zur Stelle, Tor, Doppelpack!.<\/p>\n<p><b>Hansa rannte immer wieder an. Beide Teams wollten jetzt den Sieg. Aber ein Tor f\u00e4llt nicht mehr. Mit nur zwei Punkten in der englischen Woche bleibt Hansa weiter meilenweit hinter den Aufstiegspl\u00e4tzen zur\u00fcck. <\/b><\/p>\n<p>Allerdings: Der Auftritt beim Tabellenf\u00fchrer machte Mut, dass Brinkmann Hansa wieder auf Kurs bringt&#8230; <\/p>\n<p>35. Titel und 300. Tor: Die M\u00fcller-Party im Video!<a class=\"anchor video-teaser__anchor\" href=\"https:\/\/www.bild.de\/sport\/fussball\/35-titel-und-300-tor-die-mueller-party-im-video-68de13749ab5e8bd613dff0f\" target=\"_blank\" rel=\"noopener\"><img decoding=\"async\" width=\"992\" height=\"558\" alt=\"Teaser-Bild\" src=\"https:\/\/www.europesays.com\/de\/wp-content\/uploads\/2025\/10\/1230d6c08ee1811b364a9ad1642cf8bf-landscape,ddd975a6\"   class=\"landscape teaser__image\" loading=\"lazy\"\/><\/a><\/p>\n<p>Quelle: BILD\/ One Soccer02.10.2025<\/p>\n","protected":false},"excerpt":{"rendered":"Es gab zwar keine drei Punkte. Dennoch d\u00fcrfte das 2:2 von Drittligist Hansa Rostock bei Spitzenreiter MSV Duisburg&hellip;\n","protected":false},"author":2,"featured_media":471364,"comment_status":"","ping_status":"","sticky":false,"template":"","format":"standard","meta":{"footnotes":""},"categories":[136],"tags":[5641,29,996,997,347,30,3721,265,3460,4581,45],"class_list":{"0":"post-471363","1":"post","2":"type-post","3":"status-publish","4":"format-standard","5":"has-post-thumbnail","7":"category-sport","8":"tag-3-liga-spielbegegnung","9":"tag-deutschland","10":"tag-dritte-liga","11":"tag-fc-hansa-rostock","12":"tag-fussball","13":"tag-germany","14":"tag-msv-duisburg","15":"tag-sport","16":"tag-sport-leuchtturm-leipzig","17":"tag-sport-tag-im-ticker","18":"tag-texttospeech"},"share_on_mastodon":{"url":"https:\/\/pubeurope.com\/@de\/115313278275835515","error":""},"_links":{"self":[{"href":"https:\/\/www.europesays.com\/de\/wp-json\/wp\/v2\/posts\/471363","targetHints":{"allow":["GET"]}}],"collection":[{"href":"https:\/\/www.europesays.com\/de\/wp-json\/wp\/v2\/posts"}],"about":[{"href":"https:\/\/www.europesays.com\/de\/wp-json\/wp\/v2\/types\/post"}],"author":[{"embeddable":true,"href":"https:\/\/www.europesays.com\/de\/wp-json\/wp\/v2\/users\/2"}],"replies":[{"embeddable":true,"href":"https:\/\/www.europesays.com\/de\/wp-json\/wp\/v2\/comments?post=471363"}],"version-history":[{"count":0,"href":"https:\/\/www.europesays.com\/de\/wp-json\/wp\/v2\/posts\/471363\/revisions"}],"wp:featuredmedia":[{"embeddable":true,"href":"https:\/\/www.europesays.com\/de\/wp-json\/wp\/v2\/media\/471364"}],"wp:attachment":[{"href":"https:\/\/www.europesays.com\/de\/wp-json\/wp\/v2\/media?parent=471363"}],"wp:term":[{"taxonomy":"category","embeddable":true,"href":"https:\/\/www.europesays.com\/de\/wp-json\/wp\/v2\/categories?post=471363"},{"taxonomy":"post_tag","embeddable":true,"href":"https:\/\/www.europesays.com\/de\/wp-json\/wp\/v2\/tags?post=471363"}],"curies":[{"name":"wp","href":"https:\/\/api.w.org\/{rel}","templated":true}]}}