{"id":471411,"date":"2025-10-04T01:50:18","date_gmt":"2025-10-04T01:50:18","guid":{"rendered":"https:\/\/www.europesays.com\/de\/471411\/"},"modified":"2025-10-04T01:50:18","modified_gmt":"2025-10-04T01:50:18","slug":"krieg-drohenangriffe-unter-anderem-auf-dnipro-und-charkiw","status":"publish","type":"post","link":"https:\/\/www.europesays.com\/de\/471411\/","title":{"rendered":"Krieg &#8211; Drohenangriffe unter anderem auf Dnipro und Charkiw"},"content":{"rendered":"<p>                    <img decoding=\"async\" loading=\"lazy\" class=\"internal-image\" title=\"Das DLF-Nachrichtenlogo: Eine Kugel in zwei unterschiedlichen Blaut\u00f6nen, die einen Schattenstreifen auf einen blauen Hintergrund wirft. Darunter steht in wei\u00dfer Schrift &quot;Die Nachrichten&quot;.\" alt=\"Das DLF-Nachrichtenlogo: Eine Kugel in zwei unterschiedlichen Blaut\u00f6nen, die einen Schattenstreifen auf einen blauen Hintergrund wirft. Darunter steht in wei\u00dfer Schrift &quot;Die Nachrichten&quot;.\" src=\"https:\/\/www.europesays.com\/de\/wp-content\/uploads\/2025\/04\/die-nachrichten-kachel-2176-zu1224-100-1920x1080.jpg\" \/><\/p>\n<p>                  Zu dieser Meldung liegt uns noch kein Bildmaterial vor. (Deutschlandradio)<\/p>\n<p>Nach Angaben der Flugabwehr waren unter anderem die St\u00e4dte Dnipro und Charkiw Ziel von Drohnenangriffen. Neben den Drohnen waren Medienberichten zufolge auch russische Kampfflugzeuge im Einsatz. Zudem seien die Gro\u00dfstadt Saporischschja und deren Umgebung mit gelenkten Fliegerbomben angegriffen worden.<\/p>\n<p>M\u00f6glicherweise hatte die Ukraine am Abend auch Drohnen in Richtung Russland gestartet. Die Flugh\u00e4fen von Kaluga, Wolgograd und Saratow stellten ohne n\u00e4here Angabe von Gr\u00fcnden vor\u00fcbergehend den Flugbetrieb ein, \u00fcblicherweise ein Hinweis auf Drohneneinfl\u00fcge. Die ukrainischen Streitkr\u00e4fte \u00e4u\u00dferten sich dazu nicht.<\/p>\n<p>Diese Nachricht wurde am 04.10.2025 im Programm Deutschlandfunk gesendet.<\/p>\n","protected":false},"excerpt":{"rendered":"Zu dieser Meldung liegt uns noch kein Bildmaterial vor. (Deutschlandradio) Nach Angaben der Flugabwehr waren unter anderem die&hellip;\n","protected":false},"author":2,"featured_media":5476,"comment_status":"","ping_status":"","sticky":false,"template":"","format":"standard","meta":{"footnotes":""},"categories":[4012],"tags":[331,332,13,14,15,12,317],"class_list":{"0":"post-471411","1":"post","2":"type-post","3":"status-publish","4":"format-standard","5":"has-post-thumbnail","7":"category-ukraine","8":"tag-aktuelle-nachrichten","9":"tag-aktuelle-news","10":"tag-headlines","11":"tag-nachrichten","12":"tag-news","13":"tag-schlagzeilen","14":"tag-ukraine"},"share_on_mastodon":{"url":"https:\/\/pubeurope.com\/@de\/115313392123533467","error":""},"_links":{"self":[{"href":"https:\/\/www.europesays.com\/de\/wp-json\/wp\/v2\/posts\/471411","targetHints":{"allow":["GET"]}}],"collection":[{"href":"https:\/\/www.europesays.com\/de\/wp-json\/wp\/v2\/posts"}],"about":[{"href":"https:\/\/www.europesays.com\/de\/wp-json\/wp\/v2\/types\/post"}],"author":[{"embeddable":true,"href":"https:\/\/www.europesays.com\/de\/wp-json\/wp\/v2\/users\/2"}],"replies":[{"embeddable":true,"href":"https:\/\/www.europesays.com\/de\/wp-json\/wp\/v2\/comments?post=471411"}],"version-history":[{"count":0,"href":"https:\/\/www.europesays.com\/de\/wp-json\/wp\/v2\/posts\/471411\/revisions"}],"wp:featuredmedia":[{"embeddable":true,"href":"https:\/\/www.europesays.com\/de\/wp-json\/wp\/v2\/media\/5476"}],"wp:attachment":[{"href":"https:\/\/www.europesays.com\/de\/wp-json\/wp\/v2\/media?parent=471411"}],"wp:term":[{"taxonomy":"category","embeddable":true,"href":"https:\/\/www.europesays.com\/de\/wp-json\/wp\/v2\/categories?post=471411"},{"taxonomy":"post_tag","embeddable":true,"href":"https:\/\/www.europesays.com\/de\/wp-json\/wp\/v2\/tags?post=471411"}],"curies":[{"name":"wp","href":"https:\/\/api.w.org\/{rel}","templated":true}]}}