{"id":471421,"date":"2025-10-04T01:56:12","date_gmt":"2025-10-04T01:56:12","guid":{"rendered":"https:\/\/www.europesays.com\/de\/471421\/"},"modified":"2025-10-04T01:56:12","modified_gmt":"2025-10-04T01:56:12","slug":"keine-rente-im-oktober-was-eine-eu-richtlinie-wirklich-bedeutet","status":"publish","type":"post","link":"https:\/\/www.europesays.com\/de\/471421\/","title":{"rendered":"Keine Rente im Oktober? Was eine EU-Richtlinie wirklich bedeutet"},"content":{"rendered":"<p><strong><br \/>\n           Die Deutsche Rentenversicherung nimmt Stellung zu Falschmeldungen \u00fcber die Rentenzahlungen. Eine neue EU-Richtlinie sorgt f\u00fcr Diskussionen in den sozialen Medien.<br \/>\n          <\/strong>\n          <\/p>\n<p>Die Deutsche Rentenversicherung (DRV) geht erneut in die Offensive. Wie schon im August 2025 reagieren die Verantwortlichen auf eine Meldung im Interne, die f\u00fcr Verunsicherung sorgt. Damals ging es um den <a href=\"https:\/\/www.infranken.de\/ratgeber\/karriere-geld\/falschmeldung-zur-rente-schockt-tausende-ist-deine-rente-in-gefahr-art-6249651\" target=\"_blank\" title=\"Falschmeldung zur Rente schockt Tausende: Ist deine Rente in Gefahr?\" rel=\"nofollow noopener\">Verlust der Rente ohne eine bestimmten Nachweis<\/a>.\u00a0<\/p>\n<p>Ganz aktuell finden sich auf verschiedenen Internetportalen und in den Sozialen Medien die Nachricht, dass ab Oktober die Zahlung der Rente ausbleiben w\u00fcrden, weil eine neue EU-Richtlinie f\u00fcr Zahlungsdienste eingef\u00fchrt wird. Die Deutsche Rentenversicherung stellt in ihrem Faktencheck fest, dass es sich um eine Falschmeldung handelt.\u00a0<\/p>\n<p>Auswirkung der neue Richtlinie f\u00fcr die Rente<\/p>\n<p>Wie die DRV erkl\u00e4rt, sind Rentner von dieser Pr\u00fcfung nicht betroffen. Im Rahmen des vorgesehenen Opt-Out-Verfahrens hat die Rentenversicherung dem Bericht zufolge entschieden, &#8222;bei den Rentenzahlungen auf die IBAN-Namenspr\u00fcfung zu verzichten&#8220;.\u00a0<\/p>\n<p>Was ist das Opt-Out-Verfahren? Es handelt sich um einen Vorgang, bei dem eine Person aktiv widersprechen muss, um eine automatische Anmeldung oder Zustimmung zu verhindern, die sonst als erteilt gilt. Ein typische Beispiel ist das Ablehnen von Cookies.<\/p>\n<p><strong>Wichtig f\u00fcr alle Senioren:<\/strong> Die Renten werden ab Oktober wie gewohnt \u00fcberwiesen, auch wenn es kleinere Abweichungen im Namen geben sollte.<\/p>\n<p>Die entsprechenden <a href=\"https:\/\/www.infranken.de\/ratgeber\/karriere-geld\/rente-oktober-auszahlung-termine-ueberblick-bis-dezember-auszahlungstermine-faktencheck-art-5998670\" target=\"_blank\" title=\"Wann die Rente im Oktober kommt: Die Auszahlungen im \u00dcberblick\" rel=\"nofollow noopener\">Auszahlungstermine der Rente stehen f\u00fcr das gesamte Jahr 2025 bereist fest<\/a>\u00a0und unterscheiden sich nur vorsch\u00fcssige und nachsch\u00fcssige Rente.<\/p>\n<p>Worum geht es bei der neuen EU-Richtlinie?<\/p>\n<p>Mit der Zahlungsrichtlinie PSD3 (Payment Services Directive 3) ab Oktober will die Europ\u00e4ische Union daf\u00fcr sorgen, dass die Sicherheit bei Online-Zahlungen verbessert wird.\u00a0<\/p>\n<p>Riester-Rente<\/p>\n<p>Laut Definition\u00a0ist die EU-Richtlinie PSD3 die Nachfolgeregelung zur PSD2. Sie soll den europ\u00e4ischen Zahlungsverkehr sicherer und effizienter machen. Sie wurde im Juli 2023 als Vorschlag der EU-Kommission ver\u00f6ffentlicht. Die PSD3 wird in nationales Recht umgesetzt.\u00a0<\/p>\n<p>Banken m\u00fcssen dadurch \u00fcberpr\u00fcfen, ob eine IBAN-Kontonummer mit dem Namen des Zahlungsempf\u00e4ngers exakt \u00fcbereinstimmt.<\/p>\n","protected":false},"excerpt":{"rendered":"Die Deutsche Rentenversicherung nimmt Stellung zu Falschmeldungen \u00fcber die Rentenzahlungen. Eine neue EU-Richtlinie sorgt f\u00fcr Diskussionen in den&hellip;\n","protected":false},"author":2,"featured_media":471422,"comment_status":"","ping_status":"","sticky":false,"template":"","format":"standard","meta":{"footnotes":""},"categories":[3933],"tags":[331,332,548,663,158,3934,3935,13,14,15,12],"class_list":{"0":"post-471421","1":"post","2":"type-post","3":"status-publish","4":"format-standard","5":"has-post-thumbnail","7":"category-eu","8":"tag-aktuelle-nachrichten","9":"tag-aktuelle-news","10":"tag-eu","11":"tag-europa","12":"tag-europaeische-union","13":"tag-europe","14":"tag-european-union","15":"tag-headlines","16":"tag-nachrichten","17":"tag-news","18":"tag-schlagzeilen"},"share_on_mastodon":{"url":"https:\/\/pubeurope.com\/@de\/115313415540880931","error":""},"_links":{"self":[{"href":"https:\/\/www.europesays.com\/de\/wp-json\/wp\/v2\/posts\/471421","targetHints":{"allow":["GET"]}}],"collection":[{"href":"https:\/\/www.europesays.com\/de\/wp-json\/wp\/v2\/posts"}],"about":[{"href":"https:\/\/www.europesays.com\/de\/wp-json\/wp\/v2\/types\/post"}],"author":[{"embeddable":true,"href":"https:\/\/www.europesays.com\/de\/wp-json\/wp\/v2\/users\/2"}],"replies":[{"embeddable":true,"href":"https:\/\/www.europesays.com\/de\/wp-json\/wp\/v2\/comments?post=471421"}],"version-history":[{"count":0,"href":"https:\/\/www.europesays.com\/de\/wp-json\/wp\/v2\/posts\/471421\/revisions"}],"wp:featuredmedia":[{"embeddable":true,"href":"https:\/\/www.europesays.com\/de\/wp-json\/wp\/v2\/media\/471422"}],"wp:attachment":[{"href":"https:\/\/www.europesays.com\/de\/wp-json\/wp\/v2\/media?parent=471421"}],"wp:term":[{"taxonomy":"category","embeddable":true,"href":"https:\/\/www.europesays.com\/de\/wp-json\/wp\/v2\/categories?post=471421"},{"taxonomy":"post_tag","embeddable":true,"href":"https:\/\/www.europesays.com\/de\/wp-json\/wp\/v2\/tags?post=471421"}],"curies":[{"name":"wp","href":"https:\/\/api.w.org\/{rel}","templated":true}]}}