{"id":471442,"date":"2025-10-04T02:07:14","date_gmt":"2025-10-04T02:07:14","guid":{"rendered":"https:\/\/www.europesays.com\/de\/471442\/"},"modified":"2025-10-04T02:07:14","modified_gmt":"2025-10-04T02:07:14","slug":"feuerwehr-rettet-eingeklemmte-katze-in-dresden-4","status":"publish","type":"post","link":"https:\/\/www.europesays.com\/de\/471442\/","title":{"rendered":"Feuerwehr rettet eingeklemmte Katze in Dresden"},"content":{"rendered":"<p class=\"is-first-paragraph\" data-external=\"Article.FirstParagraph\">Zu einem tierischen Rettungseinsatz ist die Feuerwehr in Dresden ausger\u00fcckt. Kinder hatten von einem Firmengel\u00e4nde ein lautes Miauen geh\u00f6rt und Erwachsene darauf aufmerksam gemacht.<\/p>\n<p>Vor Ort habe sich herausgestellt, dass eine Katze in einen schmalen Spalt zwischen einem gro\u00dfen Metallcontainer und einer 2,50 Meter hohen Betonwand gerutscht war, teilte die Feuerwehr mit.<\/p>\n<p>Die Rettung am Donnerstag sei schwierig gewesen: Erst als der Container mit einem eigens herangeschafften Radlader leicht angehoben werden konnte, habe die Katze sich herauswinden k\u00f6nnen. Das Tier sei offensichtlich unverletzt geblieben &#8211; es habe nach seiner Befreiung sofort die Flucht ergriffen.<\/p>\n","protected":false},"excerpt":{"rendered":"Zu einem tierischen Rettungseinsatz ist die Feuerwehr in Dresden ausger\u00fcckt. Kinder hatten von einem Firmengel\u00e4nde ein lautes Miauen&hellip;\n","protected":false},"author":2,"featured_media":471443,"comment_status":"","ping_status":"","sticky":false,"template":"","format":"standard","meta":{"footnotes":""},"categories":[1835],"tags":[3364,29,2386,30,859],"class_list":{"0":"post-471442","1":"post","2":"type-post","3":"status-publish","4":"format-standard","5":"has-post-thumbnail","7":"category-dresden","8":"tag-de","9":"tag-deutschland","10":"tag-dresden","11":"tag-germany","12":"tag-sachsen"},"share_on_mastodon":{"url":"https:\/\/pubeurope.com\/@de\/115313458762063385","error":""},"_links":{"self":[{"href":"https:\/\/www.europesays.com\/de\/wp-json\/wp\/v2\/posts\/471442","targetHints":{"allow":["GET"]}}],"collection":[{"href":"https:\/\/www.europesays.com\/de\/wp-json\/wp\/v2\/posts"}],"about":[{"href":"https:\/\/www.europesays.com\/de\/wp-json\/wp\/v2\/types\/post"}],"author":[{"embeddable":true,"href":"https:\/\/www.europesays.com\/de\/wp-json\/wp\/v2\/users\/2"}],"replies":[{"embeddable":true,"href":"https:\/\/www.europesays.com\/de\/wp-json\/wp\/v2\/comments?post=471442"}],"version-history":[{"count":0,"href":"https:\/\/www.europesays.com\/de\/wp-json\/wp\/v2\/posts\/471442\/revisions"}],"wp:featuredmedia":[{"embeddable":true,"href":"https:\/\/www.europesays.com\/de\/wp-json\/wp\/v2\/media\/471443"}],"wp:attachment":[{"href":"https:\/\/www.europesays.com\/de\/wp-json\/wp\/v2\/media?parent=471442"}],"wp:term":[{"taxonomy":"category","embeddable":true,"href":"https:\/\/www.europesays.com\/de\/wp-json\/wp\/v2\/categories?post=471442"},{"taxonomy":"post_tag","embeddable":true,"href":"https:\/\/www.europesays.com\/de\/wp-json\/wp\/v2\/tags?post=471442"}],"curies":[{"name":"wp","href":"https:\/\/api.w.org\/{rel}","templated":true}]}}