{"id":471461,"date":"2025-10-04T02:17:33","date_gmt":"2025-10-04T02:17:33","guid":{"rendered":"https:\/\/www.europesays.com\/de\/471461\/"},"modified":"2025-10-04T02:17:33","modified_gmt":"2025-10-04T02:17:33","slug":"fahrbahnsanierung-des-moersenbroicher-wegs-landeshauptstadt-duesseldorf","status":"publish","type":"post","link":"https:\/\/www.europesays.com\/de\/471461\/","title":{"rendered":"Fahrbahnsanierung des M\u00f6rsenbroicher Wegs &#8211; Landeshauptstadt D\u00fcsseldorf"},"content":{"rendered":"<p>Die Landeshauptstadt D\u00fcsseldorf saniert die Fahrbahn des M\u00f6rsenbroicher Wegs. W\u00e4hrend der Fahrbahnsanierung ist der Stra\u00dfenabschnitt zwischen der Einm\u00fcndung Vinckestra\u00dfe und der Einm\u00fcndung M\u00f6rsenbroicher Weg in H\u00f6he der Hausnummer 28 ab Freitagmorgen 10. Oktober, 6 Uhr, bis Montagmorgen, 13. Oktober, 4 Uhr, in beide Fahrtrichtungen f\u00fcr den Verkehr gesperrt. Erste Vorarbeiten beginnen bereits am Montag, 6. Oktober 2025.<\/p>\n<p>Die Max-Halbe-Stra\u00dfe und die Thomas-Mann-Stra\u00dfe werden f\u00fcr den motorisierten Individualverkehr als Sackgassen ausgeschildert und k\u00f6nnen nur \u00fcber die Gerhart-Hauptmann-Stra\u00dfe erreicht oder \u00fcber die Gerhart-Hauptmann-Stra\u00dfe oder den Heideweg verlassen werden. Das Gleiche gilt f\u00fcr die Herchenbachstra\u00dfe, auch diese ist als Sackgasse ausgewiesen und kann nur \u00fcber die Eugen-Richter-Stra\u00dfe oder die Stra\u00dfe An der Thomaskirche verlassen werden.<\/p>\n<p>Umleitungen sind ausgeschildert und f\u00fchren \u00fcber die Sankt-Franziskus-Stra\u00dfe, den Rather Broich und die Lenaustra\u00dfe alternativ in umgekehrter Fahrtrichtung. Der Fu\u00dfg\u00e4nger- und Fahrradverkehr wird durch die Bauarbeiten nicht eingeschr\u00e4nkt. Die Anliegerinnen und Anlieger werden vorab per Handzettel informiert. Die Gesamtkosten f\u00fcr die Fahrbahnsanierung liegen bei rund 300.000 Euro.<\/p>\n","protected":false},"excerpt":{"rendered":"Die Landeshauptstadt D\u00fcsseldorf saniert die Fahrbahn des M\u00f6rsenbroicher Wegs. W\u00e4hrend der Fahrbahnsanierung ist der Stra\u00dfenabschnitt zwischen der Einm\u00fcndung&hellip;\n","protected":false},"author":2,"featured_media":3624,"comment_status":"","ping_status":"","sticky":false,"template":"","format":"standard","meta":{"footnotes":""},"categories":[1831],"tags":[3364,29,3405,30,1209],"class_list":{"0":"post-471461","1":"post","2":"type-post","3":"status-publish","4":"format-standard","5":"has-post-thumbnail","7":"category-duesseldorf","8":"tag-de","9":"tag-deutschland","10":"tag-duesseldorf","11":"tag-germany","12":"tag-nordrhein-westfalen"},"share_on_mastodon":{"url":"https:\/\/pubeurope.com\/@de\/115313498073233182","error":""},"_links":{"self":[{"href":"https:\/\/www.europesays.com\/de\/wp-json\/wp\/v2\/posts\/471461","targetHints":{"allow":["GET"]}}],"collection":[{"href":"https:\/\/www.europesays.com\/de\/wp-json\/wp\/v2\/posts"}],"about":[{"href":"https:\/\/www.europesays.com\/de\/wp-json\/wp\/v2\/types\/post"}],"author":[{"embeddable":true,"href":"https:\/\/www.europesays.com\/de\/wp-json\/wp\/v2\/users\/2"}],"replies":[{"embeddable":true,"href":"https:\/\/www.europesays.com\/de\/wp-json\/wp\/v2\/comments?post=471461"}],"version-history":[{"count":0,"href":"https:\/\/www.europesays.com\/de\/wp-json\/wp\/v2\/posts\/471461\/revisions"}],"wp:featuredmedia":[{"embeddable":true,"href":"https:\/\/www.europesays.com\/de\/wp-json\/wp\/v2\/media\/3624"}],"wp:attachment":[{"href":"https:\/\/www.europesays.com\/de\/wp-json\/wp\/v2\/media?parent=471461"}],"wp:term":[{"taxonomy":"category","embeddable":true,"href":"https:\/\/www.europesays.com\/de\/wp-json\/wp\/v2\/categories?post=471461"},{"taxonomy":"post_tag","embeddable":true,"href":"https:\/\/www.europesays.com\/de\/wp-json\/wp\/v2\/tags?post=471461"}],"curies":[{"name":"wp","href":"https:\/\/api.w.org\/{rel}","templated":true}]}}