{"id":471506,"date":"2025-10-04T02:42:18","date_gmt":"2025-10-04T02:42:18","guid":{"rendered":"https:\/\/www.europesays.com\/de\/471506\/"},"modified":"2025-10-04T02:42:18","modified_gmt":"2025-10-04T02:42:18","slug":"klose-atmet-in-2-bundesliga-auf-1-fc-nuernberg-gewinnt-in-duesseldorf","status":"publish","type":"post","link":"https:\/\/www.europesays.com\/de\/471506\/","title":{"rendered":"Klose atmet in 2. Bundesliga auf: 1. FC N\u00fcrnberg gewinnt in D\u00fcsseldorf"},"content":{"rendered":"<p>Erneute Thioune-Diskussion?\u00a0<\/p>\n<p>                                    <img decoding=\"async\" src=\"https:\/\/www.europesays.com\/de\/wp-content\/uploads\/2025\/10\/finn-becker-1-fc-nurnberg-2025-26-1759516322-179397.jpg\" title=\"Klose atmet in 2. Bundesliga auf: 1. FC N\u00fcrnberg gewinnt in D\u00fcsseldorf\" alt=\"Klose atmet in 2. Bundesliga auf: 1. FC N\u00fcrnberg gewinnt in D\u00fcsseldorf\"\/><\/p>\n<p>\n                                       \u00a9IMAGO\n                                    <\/p>\n<p>In die Trainerdiskussion beim <a title=\"1.FC N\u00fcrnberg\" href=\"https:\/\/www.transfermarkt.de\/1fc-n-rnberg\/startseite\/verein\/4\" target=\"_blank\" rel=\"nofollow noopener\">1. FC N\u00fcrnberg<\/a> um <a title=\"Miroslav Klose\" href=\"https:\/\/www.transfermarkt.de\/miroslav-klose\/profil\/trainer\/49850\" target=\"_blank\" rel=\"nofollow noopener\">Miroslav Klose<\/a> kehrt nach dem ersten Ausw\u00e4rtssieg der Saison Ruhe ein. Das 3:2 (1:0) am Freitagabend bei <a title=\"Fortuna D\u00fcsseldorf\" href=\"https:\/\/www.transfermarkt.de\/fortuna-d-sseldorf\/startseite\/verein\/38\" target=\"_blank\" rel=\"nofollow noopener\">Fortuna D\u00fcsseldorf<\/a> hat dem seit Wochen wackelnden FCN-Chefcoach den R\u00fccken gest\u00e4rkt. Anders sieht es beim Gegner aus &#8211; da r\u00fcckt der auch nicht unumstrittene <a title=\"Daniel Thioune\" href=\"https:\/\/www.transfermarkt.de\/daniel-thioune\/profil\/trainer\/15452\" target=\"_blank\" rel=\"nofollow noopener\">Daniel Thioune<\/a> noch st\u00e4rker in den Fokus. Denn D\u00fcsseldorf blieb auch im vierten Heimspiel in der <a title=\"2. Bundesliga\" href=\"https:\/\/www.transfermarkt.de\/2-bundesliga\/startseite\/wettbewerb\/L2\" target=\"_blank\" rel=\"nofollow noopener\">2. Bundesliga<\/a> sieglos.<\/p>\n<p><\/p>\n<p>Die Tore f\u00fcr die Franken erzielten zun\u00e4chst <a title=\"Rafael Lubach\" href=\"https:\/\/www.transfermarkt.de\/rafael-lubach\/profil\/spieler\/745601\" target=\"_blank\" rel=\"nofollow noopener\">Rafael Lubach<\/a> (25. Minute) nach einem Konter und in einer turbulenten Schlussphase <a title=\"Julian Justvan\" href=\"https:\/\/www.transfermarkt.de\/julian-justvan\/profil\/spieler\/324861\" target=\"_blank\" rel=\"nofollow noopener\">Julian Justvan<\/a> vom Elfmeterpunkt (80.), nach einem Handspiel von <a title=\"Anouar El Azzouzi\" href=\"https:\/\/www.transfermarkt.de\/anouar-el-azzouzi\/profil\/spieler\/593774\" target=\"_blank\" rel=\"nofollow noopener\">Anouar El Azzouzi<\/a>. Doch D\u00fcsseldorf kam zweimal vor 38.204 Fans zur\u00fcck: El Azzouzi (67.) und <a title=\"Christian Rasmussen\" href=\"https:\/\/www.transfermarkt.de\/christian-rasmussen\/profil\/spieler\/610429\" target=\"_blank\" rel=\"nofollow noopener\">Christian Rasmussen<\/a> (83.) trafen jeweils zum Ausgleich &#8211; doch den Schlusspunkt setzte <a title=\"Finn Becker\" href=\"https:\/\/www.transfermarkt.de\/finn-becker\/profil\/spieler\/334999\" target=\"_blank\" rel=\"nofollow noopener\">Finn Ole Becker<\/a> (85.) mit dem N\u00fcrnberger Siegtreffer.<\/p>\n<p><\/p>\n<p>F\u00fcr FCN-Coach Klose, der schon beim ersten Tor auf der Bank die F\u00e4uste jubelnd ballte, war es ein Befreiungsschlag. F\u00fcr seinen Kollegen Thioune nur eine Woche den 1:0-Sieg beim VfL Bochum erneut ein R\u00fcckschlag. Unklar, ob der 51-J\u00e4hrige auch nach der nun anstehenden L\u00e4nderspielpause als Fortuna-Trainer weitermachen darf.<\/p>\n<p>Tor nach 30 Sekunden: SC Paderborn ist jetzt Tabellenf\u00fchrer<\/p>\n<p>Der <a title=\"SC Paderborn 07\" href=\"https:\/\/www.transfermarkt.de\/sc-paderborn-07\/startseite\/verein\/127\" target=\"_blank\" rel=\"nofollow noopener\">SC Paderborn<\/a> ist in der 2. Bundesliga vorerst auf Platz eins geklettert. Der am Ende turbulente 2:1 (1:0)-Erfolg bei <a title=\"Eintracht Braunschweig\" href=\"https:\/\/www.transfermarkt.de\/eintracht-braunschweig\/startseite\/verein\/23\" target=\"_blank\" rel=\"nofollow noopener\">Eintracht Braunschweig<\/a> war bereits der vierte Sieg in Serie.<\/p>\n<p><\/p>\n<p>Vor 21.349 Fans brachte <a title=\"Filip Bilbija\" href=\"https:\/\/www.transfermarkt.de\/filip-bilbija\/profil\/spieler\/602796\" target=\"_blank\" rel=\"nofollow noopener\">Filip Bilbija<\/a> die Paderborner schon nach 30 Sekunden in F\u00fchrung. Es war das bislang zweitschnellste Tor dieser Zweitliga-Saison. In der Schlussphase traf <a title=\"Levente Szab\u00f3\" href=\"https:\/\/www.transfermarkt.de\/levente-szab-\/profil\/spieler\/342989\" target=\"_blank\" rel=\"nofollow noopener\">Levente Szab\u00f3<\/a> (86.) zun\u00e4chst zum 1:1 f\u00fcr Braunschweig. Nur zwei Minuten sp\u00e4ter sorgte <a title=\"Stefano Marino\" href=\"https:\/\/www.transfermarkt.de\/stefano-marino\/profil\/spieler\/829267\" target=\"_blank\" rel=\"nofollow noopener\">Stefano Marino<\/a> (88.) aber doch noch f\u00fcr den verdienten SCP-Erfolg.<\/p>\n<p>F\u00fcr die Braunschweiger war das fr\u00fche Gegentor Gift. Sie haben nun f\u00fcnf der vergangenen sechs Spiele verloren und waren nach dem Schock in der ersten Minute v\u00f6llig verunsichert. Das Spiel der Eintracht war voller individueller Fehler, daf\u00fcr aber ohne jede Idee.<\/p>\n<p><\/p>\n<p>Der einzige Paderborner Makel war, dass die G\u00e4ste aus ihrer spielerischen Dominanz zu wenig machten. Ein Kopfballtor von Santiago Castaneda (52.) wurde wegen Abseits nicht gegeben. Das hielt die Eintracht lange im Spiel.<\/p>\n<p>Schon in der 70. Minute hatte Sven K\u00f6hler die gro\u00dfe Kopfballchance zum Ausgleich. Der kurz zuvor eingewechselte Szabo traf tats\u00e4chlich zum schmeichelhaften 1:1. Am Ende machte die Eintracht einen Fehler zu viel: Leon Bell Bell trat vor dem 1:2 \u00fcber den Ball.<\/p>\n<p>\u00a0<\/p>\n<p><\/p>\n<p>\u00a0<\/p>\n<p>\u00a0<\/p>\n<p>\u00a0<\/p>\n","protected":false},"excerpt":{"rendered":"Erneute Thioune-Diskussion?\u00a0 \u00a9IMAGO In die Trainerdiskussion beim 1. FC N\u00fcrnberg um Miroslav Klose kehrt nach dem ersten Ausw\u00e4rtssieg&hellip;\n","protected":false},"author":2,"featured_media":471507,"comment_status":"","ping_status":"","sticky":false,"template":"","format":"standard","meta":{"footnotes":"","_share_on_mastodon":"0"},"categories":[136],"tags":[783,621,70708,77790,29,8704,17147,89584,3132,30,114066,100253,622,265],"class_list":["post-471506","post","type-post","status-publish","format-standard","has-post-thumbnail","category-sport","tag-1-fc-nuernberg","tag-2-bundesliga","tag-anouar-el-azzouzi","tag-christian-rasmussen","tag-deutschland","tag-eintracht-braunschweig","tag-filip-bilbija","tag-finn-becker","tag-fortuna-duesseldorf","tag-germany","tag-julian-justvan","tag-rafael-lubach","tag-sc-paderborn-07","tag-sport"],"share_on_mastodon":{"url":"https:\/\/pubeurope.com\/@de\/115313596854227064","error":""},"_links":{"self":[{"href":"https:\/\/www.europesays.com\/de\/wp-json\/wp\/v2\/posts\/471506","targetHints":{"allow":["GET"]}}],"collection":[{"href":"https:\/\/www.europesays.com\/de\/wp-json\/wp\/v2\/posts"}],"about":[{"href":"https:\/\/www.europesays.com\/de\/wp-json\/wp\/v2\/types\/post"}],"author":[{"embeddable":true,"href":"https:\/\/www.europesays.com\/de\/wp-json\/wp\/v2\/users\/2"}],"replies":[{"embeddable":true,"href":"https:\/\/www.europesays.com\/de\/wp-json\/wp\/v2\/comments?post=471506"}],"version-history":[{"count":0,"href":"https:\/\/www.europesays.com\/de\/wp-json\/wp\/v2\/posts\/471506\/revisions"}],"wp:featuredmedia":[{"embeddable":true,"href":"https:\/\/www.europesays.com\/de\/wp-json\/wp\/v2\/media\/471507"}],"wp:attachment":[{"href":"https:\/\/www.europesays.com\/de\/wp-json\/wp\/v2\/media?parent=471506"}],"wp:term":[{"taxonomy":"category","embeddable":true,"href":"https:\/\/www.europesays.com\/de\/wp-json\/wp\/v2\/categories?post=471506"},{"taxonomy":"post_tag","embeddable":true,"href":"https:\/\/www.europesays.com\/de\/wp-json\/wp\/v2\/tags?post=471506"}],"curies":[{"name":"wp","href":"https:\/\/api.w.org\/{rel}","templated":true}]}}