{"id":471662,"date":"2025-10-04T04:17:11","date_gmt":"2025-10-04T04:17:11","guid":{"rendered":"https:\/\/www.europesays.com\/de\/471662\/"},"modified":"2025-10-04T04:17:11","modified_gmt":"2025-10-04T04:17:11","slug":"wie-das-chemnitzer-rathaus-vereine-zu-foerdergeld-lotsen-soll","status":"publish","type":"post","link":"https:\/\/www.europesays.com\/de\/471662\/","title":{"rendered":"Wie das Chemnitzer Rathaus Vereine zu F\u00f6rdergeld lotsen soll"},"content":{"rendered":"<p class=\"bold\">\n\t\t\t\t\t\t\t\t\t\tDie Politik hat bei der Stadt einen digitalen F\u00f6rdermittel-Guide f\u00fcr das Ehrenamt in Auftrag gegeben. Doch die Idee ist nicht unumstritten.\t\t\t\t<\/p>\n<p>\t\t\t\t Welche F\u00f6rdermittel gibt es in Chemnitz, vom Bund oder vom Land, insbesondere f\u00fcr Vereine und Ehrenamtliche? Und wie kommt man da ran? Antworten auf diese Fragen soll k\u00fcnftig ein digitaler F\u00f6rdermittel-Guide geben. Mit dessen Entwicklung hat der Stadtrat das Rathaus jetzt beauftragt. M\u00f6glichst bis Ende kommenden Jahres soll das neue Angebot&#8230;<\/p>\n<p>\t\t<img decoding=\"async\" class=\"fp-plus-logo\" src=\"https:\/\/www.freiepresse.de\/img\/fpplus.svg\" alt=\"Freie Presse plus Logo\"\/><\/p>\n<p>Registrieren und testen.<\/p>\n<p>Jetzt mit Ihrer Registrierung 1 Monat gratis testen und alle Beitr\u00e4ge lesen.<\/p>\n<p>Schon Abonnent? Melden Sie sich mit ihren Zugangsdaten an.<\/p>\n","protected":false},"excerpt":{"rendered":"Die Politik hat bei der Stadt einen digitalen F\u00f6rdermittel-Guide f\u00fcr das Ehrenamt in Auftrag gegeben. Doch die Idee&hellip;\n","protected":false},"author":2,"featured_media":471663,"comment_status":"","ping_status":"","sticky":false,"template":"","format":"standard","meta":{"footnotes":""},"categories":[1851],"tags":[2770,3364,29,548,663,3934,30,13,2839,14,15,859,12],"class_list":{"0":"post-471662","1":"post","2":"type-post","3":"status-publish","4":"format-standard","5":"has-post-thumbnail","7":"category-chemnitz","8":"tag-chemnitz","9":"tag-de","10":"tag-deutschland","11":"tag-eu","12":"tag-europa","13":"tag-europe","14":"tag-germany","15":"tag-headlines","16":"tag-kommunalpolitik","17":"tag-nachrichten","18":"tag-news","19":"tag-sachsen","20":"tag-schlagzeilen"},"share_on_mastodon":{"url":"https:\/\/pubeurope.com\/@de\/115313970011807343","error":""},"_links":{"self":[{"href":"https:\/\/www.europesays.com\/de\/wp-json\/wp\/v2\/posts\/471662","targetHints":{"allow":["GET"]}}],"collection":[{"href":"https:\/\/www.europesays.com\/de\/wp-json\/wp\/v2\/posts"}],"about":[{"href":"https:\/\/www.europesays.com\/de\/wp-json\/wp\/v2\/types\/post"}],"author":[{"embeddable":true,"href":"https:\/\/www.europesays.com\/de\/wp-json\/wp\/v2\/users\/2"}],"replies":[{"embeddable":true,"href":"https:\/\/www.europesays.com\/de\/wp-json\/wp\/v2\/comments?post=471662"}],"version-history":[{"count":0,"href":"https:\/\/www.europesays.com\/de\/wp-json\/wp\/v2\/posts\/471662\/revisions"}],"wp:featuredmedia":[{"embeddable":true,"href":"https:\/\/www.europesays.com\/de\/wp-json\/wp\/v2\/media\/471663"}],"wp:attachment":[{"href":"https:\/\/www.europesays.com\/de\/wp-json\/wp\/v2\/media?parent=471662"}],"wp:term":[{"taxonomy":"category","embeddable":true,"href":"https:\/\/www.europesays.com\/de\/wp-json\/wp\/v2\/categories?post=471662"},{"taxonomy":"post_tag","embeddable":true,"href":"https:\/\/www.europesays.com\/de\/wp-json\/wp\/v2\/tags?post=471662"}],"curies":[{"name":"wp","href":"https:\/\/api.w.org\/{rel}","templated":true}]}}