{"id":471717,"date":"2025-10-04T04:47:12","date_gmt":"2025-10-04T04:47:12","guid":{"rendered":"https:\/\/www.europesays.com\/de\/471717\/"},"modified":"2025-10-04T04:47:12","modified_gmt":"2025-10-04T04:47:12","slug":"mann-verkauft-jahrzehntelang-eis-in-duisburg-nach-50-jahren-passiert-es","status":"publish","type":"post","link":"https:\/\/www.europesays.com\/de\/471717\/","title":{"rendered":"Mann verkauft jahrzehntelang Eis in Duisburg \u2013 nach 50 Jahren passiert es"},"content":{"rendered":"\n<p>Donato Grella ist in Duisburg-Baerl bekannt wie ein bunter Hund. Seit f\u00fcnf Jahrzehnten bringt der geb\u00fcrtige Italiener Sommerstimmung in den Stadtteil. Am 28. September verabschiedete sich Grella \u2013 wie jedes Jahr \u2013 in die Winterpause. <\/p>\n<p>Doch zum Abschluss erlebte der 73-J\u00e4hrige noch einmal eine gro\u00dfe \u00dcberraschung: Pl\u00f6tzlich standen hunderte Menschen um seinen Eiswagen in Duisburg.<\/p>\n<p> <strong>Ein halbes Jahrhundert Eisgl\u00fcck in Duisburg<\/strong> <\/p>\n<p>Vor seinem Eiswagen versammelten sich Freunde, Kunden und Nachbarn mit Luftballons und Geschenken. Der 73-J\u00e4hrige strahlte vor Freude und sagte sichtlich ger\u00fchrt: \u201eKein Mensch hatte was gesagt und auf einmal habe ich gesehen, alles so nette Menschen hier.\u201c<\/p>\n<p>Auch interessant: <a href=\"https:\/\/www.derwesten.de\/staedte\/duisburg\/duisburg-weisse-riesen-wohnung-zwangsversteigerung-id301858436.html\" rel=\"nofollow noopener\" target=\"_blank\">Zahlen machen fassungslos! So viel ist eine Wohnung im \u201eWei\u00dfen Riesen\u201c in Duisburg wert<\/a><\/p>\n<p>Hunderte Menschen \u00fcberraschten Donato in <a href=\"https:\/\/www.derwesten.de\/staedte\/duisburg\" rel=\"nofollow noopener\" target=\"_blank\">Duisburg<\/a>-Baerl mit einer Jubil\u00e4umsfeier. \u201eDas ist die Person, die jeder hier kennt. Da muss man einfach gratulieren\u201c, fand eine Besucherin. Sein 50. Dienstjubil\u00e4um war der Anlass f\u00fcr die \u00dcberraschung \u2013 und die <a href=\"https:\/\/www1.wdr.de\/lokalzeit\/heimatliebe\/duisburg-baerl-donato-grella-kult-eisverkaeufer-100.html\" target=\"_blank\" rel=\"noreferrer noopener nofollow\">WDR Lokalzeit<\/a> war zu Gast.<\/p>\n<p>Grella ist l\u00e4ngst eine Legende. Generationen von Duisburgern verbinden gl\u00fcckliche Kindheitstage und sonnige Ausfl\u00fcge mit seinem Eis. Besonders Kinder freuen sich stets auf das L\u00e4cheln und die Herzlichkeit des Eisverk\u00e4ufers. \u201eEr hat f\u00fcr jeden ein nettes Wort \u00fcbrig\u201c, lobte ein Gast, w\u00e4hrend ein M\u00e4dchen begeistert rief: \u201eDas schmeckt sehr, sehr, sehr gut!\u201c<\/p>\n<p> <strong>Warum Duisburg seinen Eismann liebt<\/strong> <\/p>\n<p>Die Karriere des 73-J\u00e4hrigen begann einst in Italien. Mit 17 Jahren zog Grella nach Deutschland und arbeitete zun\u00e4chst in einer Fabrik. 1975 erf\u00fcllte er sich einen Traum und startete als Eisverk\u00e4ufer. In Duisburg-Baerl hat er seit den 1980er-Jahren einen festen Platz direkt am Rhein.<\/p>\n<p>+++ <a href=\"https:\/\/www.derwesten.de\/staedte\/duisburg\/duisburg-rheinpark-umbau-eintritt-id301855568.html\" rel=\"nofollow noopener\" target=\"_blank\">Anwohner f\u00fcrchten nach RheinPark-Umbau in Duisburg Eintrittspreise \u2013 jetzt herrscht Gewissheit<\/a> +++<\/p>\n<p>Sein Weg begann mit einem \u201eEis-Moped\u201c samt Glocke und Sonnenschirm. Heute steht Grella mit einem Eiswagen ausgestattet an einem Stammplatz. Von M\u00e4rz bis Oktober verkauft er seine beliebten Kugeln \u2013 wenn das Wetter es zul\u00e4sst. Dabei sorgt er mit Humor und Gesang immer f\u00fcr gute Laune.<\/p>\n<p class=\"has-text-align-center\"><strong>Auch interessant:<\/strong> Unterwegs im Ruhrgebiet<\/p>\n<p>Am Jubil\u00e4umstag verteilte seine Mitarbeiterin unerm\u00fcdlich Eis, w\u00e4hrend er Gratulanten empfing und Erinnerungen mit ihnen teilte. Viele riefen ihm zu, wie dankbar sie f\u00fcr die vielen sch\u00f6nen Jahre sind. Sein Fazit: \u201eLeider hab ich nicht so gro\u00dfe Arme, um alle zu umfassen. Deswegen bin ich die n\u00e4chsten 50 Jahre auch wieder hier.\u201c<\/p>\n<p>Dieser Artikel wurde teils mit maschineller Unterst\u00fctzung erstellt und vor der Ver\u00f6ffentlichung von der Redaktion sorgf\u00e4ltig gepr\u00fcft.<\/p>\n","protected":false},"excerpt":{"rendered":"Donato Grella ist in Duisburg-Baerl bekannt wie ein bunter Hund. Seit f\u00fcnf Jahrzehnten bringt der geb\u00fcrtige Italiener Sommerstimmung&hellip;\n","protected":false},"author":2,"featured_media":471718,"comment_status":"","ping_status":"","sticky":false,"template":"","format":"standard","meta":{"footnotes":""},"categories":[1838],"tags":[3364,29,3715,30,1209],"class_list":{"0":"post-471717","1":"post","2":"type-post","3":"status-publish","4":"format-standard","5":"has-post-thumbnail","7":"category-duisburg","8":"tag-de","9":"tag-deutschland","10":"tag-duisburg","11":"tag-germany","12":"tag-nordrhein-westfalen"},"share_on_mastodon":{"url":"https:\/\/pubeurope.com\/@de\/115314088016130175","error":""},"_links":{"self":[{"href":"https:\/\/www.europesays.com\/de\/wp-json\/wp\/v2\/posts\/471717","targetHints":{"allow":["GET"]}}],"collection":[{"href":"https:\/\/www.europesays.com\/de\/wp-json\/wp\/v2\/posts"}],"about":[{"href":"https:\/\/www.europesays.com\/de\/wp-json\/wp\/v2\/types\/post"}],"author":[{"embeddable":true,"href":"https:\/\/www.europesays.com\/de\/wp-json\/wp\/v2\/users\/2"}],"replies":[{"embeddable":true,"href":"https:\/\/www.europesays.com\/de\/wp-json\/wp\/v2\/comments?post=471717"}],"version-history":[{"count":0,"href":"https:\/\/www.europesays.com\/de\/wp-json\/wp\/v2\/posts\/471717\/revisions"}],"wp:featuredmedia":[{"embeddable":true,"href":"https:\/\/www.europesays.com\/de\/wp-json\/wp\/v2\/media\/471718"}],"wp:attachment":[{"href":"https:\/\/www.europesays.com\/de\/wp-json\/wp\/v2\/media?parent=471717"}],"wp:term":[{"taxonomy":"category","embeddable":true,"href":"https:\/\/www.europesays.com\/de\/wp-json\/wp\/v2\/categories?post=471717"},{"taxonomy":"post_tag","embeddable":true,"href":"https:\/\/www.europesays.com\/de\/wp-json\/wp\/v2\/tags?post=471717"}],"curies":[{"name":"wp","href":"https:\/\/api.w.org\/{rel}","templated":true}]}}