{"id":471915,"date":"2025-10-04T06:45:44","date_gmt":"2025-10-04T06:45:44","guid":{"rendered":"https:\/\/www.europesays.com\/de\/471915\/"},"modified":"2025-10-04T06:45:44","modified_gmt":"2025-10-04T06:45:44","slug":"neues-buch-zum-neandertal-erschienen","status":"publish","type":"post","link":"https:\/\/www.europesays.com\/de\/471915\/","title":{"rendered":"Neues Buch zum Neandertal erschienen"},"content":{"rendered":"<p class=\"text_ohne_einzug richtext text-em-55 !leading-serif mx-6 desktop:mx-0\"> Immer wieder kreisen die Gedanken von Hanna Eggerath um \u201edas Gesteins\u201c, wie die einzigartige Felsenklamm im inzwischen weltber\u00fchmte <a href=\"https:\/\/rp-online.de\/thema\/neandertal\/\" target=\"_blank\" rel=\"noopener\">Neandertal<\/a> fr\u00fcher genannt wurde. Nur allzu gerne w\u00fcrde die Heimatforscherin herausfinden, wie es dort urspr\u00fcnglich einmal ausgesehen hat \u2013 bevor der Kalkabbau losging, die Klamm zerst\u00f6rte, mithin die einmalige Landschaft gr\u00fcndlich ver\u00e4nderte und ihr einiges von ihrem Zauber nahm.<\/p>\n","protected":false},"excerpt":{"rendered":"Immer wieder kreisen die Gedanken von Hanna Eggerath um \u201edas Gesteins\u201c, wie die einzigartige Felsenklamm im inzwischen weltber\u00fchmte&hellip;\n","protected":false},"author":2,"featured_media":471916,"comment_status":"","ping_status":"","sticky":false,"template":"","format":"standard","meta":{"footnotes":""},"categories":[1774],"tags":[59419,1784,1785,120095,29,120091,214,30,13333,120092,120093,44439,6361,12920,120094,215],"class_list":{"0":"post-471915","1":"post","2":"type-post","3":"status-publish","4":"format-standard","5":"has-post-thumbnail","7":"category-buecher","8":"tag-1980er","9":"tag-books","10":"tag-buecher","11":"tag-buchform","12":"tag-deutschland","13":"tag-eggerath","14":"tag-entertainment","15":"tag-germany","16":"tag-hanna","17":"tag-kalkabbau","18":"tag-landschaftsmaler","19":"tag-neandertal","20":"tag-neuerscheinung","21":"tag-tal","22":"tag-unberuehrten","23":"tag-unterhaltung"},"share_on_mastodon":{"url":"https:\/\/pubeurope.com\/@de\/115314551867137374","error":""},"_links":{"self":[{"href":"https:\/\/www.europesays.com\/de\/wp-json\/wp\/v2\/posts\/471915","targetHints":{"allow":["GET"]}}],"collection":[{"href":"https:\/\/www.europesays.com\/de\/wp-json\/wp\/v2\/posts"}],"about":[{"href":"https:\/\/www.europesays.com\/de\/wp-json\/wp\/v2\/types\/post"}],"author":[{"embeddable":true,"href":"https:\/\/www.europesays.com\/de\/wp-json\/wp\/v2\/users\/2"}],"replies":[{"embeddable":true,"href":"https:\/\/www.europesays.com\/de\/wp-json\/wp\/v2\/comments?post=471915"}],"version-history":[{"count":0,"href":"https:\/\/www.europesays.com\/de\/wp-json\/wp\/v2\/posts\/471915\/revisions"}],"wp:featuredmedia":[{"embeddable":true,"href":"https:\/\/www.europesays.com\/de\/wp-json\/wp\/v2\/media\/471916"}],"wp:attachment":[{"href":"https:\/\/www.europesays.com\/de\/wp-json\/wp\/v2\/media?parent=471915"}],"wp:term":[{"taxonomy":"category","embeddable":true,"href":"https:\/\/www.europesays.com\/de\/wp-json\/wp\/v2\/categories?post=471915"},{"taxonomy":"post_tag","embeddable":true,"href":"https:\/\/www.europesays.com\/de\/wp-json\/wp\/v2\/tags?post=471915"}],"curies":[{"name":"wp","href":"https:\/\/api.w.org\/{rel}","templated":true}]}}