{"id":471917,"date":"2025-10-04T06:46:11","date_gmt":"2025-10-04T06:46:11","guid":{"rendered":"https:\/\/www.europesays.com\/de\/471917\/"},"modified":"2025-10-04T06:46:11","modified_gmt":"2025-10-04T06:46:11","slug":"bluehende-landschaften-aufschwung-ost-daten-zahlen-und-infografiken-zur-deutschen-einheit","status":"publish","type":"post","link":"https:\/\/www.europesays.com\/de\/471917\/","title":{"rendered":"Bl\u00fchende Landschaften, Aufschwung Ost? Daten, Zahlen und Infografiken zur deutschen Einheit"},"content":{"rendered":"<p><strong>Deutschland, 35 Jahre nach der Wende: Wie hat sich das Leben, die Gesellschaft und der Wohlstand der Deutschen in dreieinhalb Jahrzehnten ver\u00e4ndert? Ein Blick auf verschiedene Kennzahlen zeigt die Folgen tiefgreifender Umbr\u00fcche und erstaunliche Trends.<\/strong><\/p>\n<p>Ein Staat feiert Geburtstag: Der 3. Oktober 1990 markiert mit der Wiedervereinigung, formell der Unterzeichnung des deutsch-deutschen Einigungsvertrags, den Beginn einer neuen \u00c4ra. Welche Folgen sind nach 35 Jahren erkennbar?<\/p>\n<p>Dank des demokratischen Aufbruchs im Osten und der friedlichen Revolution ist die deutsche Teilung Geschichte. Der Mauerfall im Herbst 1989 f\u00fchrte in ein wiedervereinigtes Deutschland. Die Grenzz\u00e4une sind verschwunden, regionale Unterschiede sind geblieben: Was hat die Wende den Menschen in Ost und West gebracht?<\/p>\n<\/p>\n<p>&#8222;Das 35. Jubil\u00e4um der Wiedervereinigung ist auch Anlass, mit Stolz darauf zu blicken, was das Land bisher schon auf dem Weg des Zusammenwachsens geschafft hat&#8220;, hei\u00dft es in einer Festschrift der Bundesregierung zum 3. Oktober.<\/p>\n<p>Die Formulierung deutet bereits daraufhin: Auch nach mehr als drei Jahrzehnten bestehen noch immer teils erhebliche &#8222;strukturelle Unterschiede&#8220;. Vom erkl\u00e4rten Ziel der gleichwertigen Lebensverh\u00e4ltnisse ist Deutschland teils noch weit entfernt.<\/p>\n<\/p>\n<p>Einfache Eckdaten wie zum Beispiel die Einwohnerzahlen zeichnen ein klares Bild: Die Bundesrepublik ist seit 1990 gewachsen. Die Gr\u00f6\u00dfenverh\u00e4ltnisse jedoch haben sich erkennbar zugunsten der westlichen Bundesl\u00e4nder verschoben. Vor 35 Jahren lebten dort laut amtlicher Statistik insgesamt 61,6 Millionen Menschen &#8211; das einst geteilte Berlin hier noch ausgenommen. <\/p>\n<p>In den f\u00fcnf Fl\u00e4chenl\u00e4ndern im Osten, also in Brandenburg, Mecklenburg-Vorpommern, Sachsen-Anhalt, Sachsen und Th\u00fcringen, waren es 14,8 Millionen Einwohner. In Berlin &#8211; West und Ost &#8211; lebten 3,4 Millionen Menschen. 35 Jahre sp\u00e4ter sind es im Westen 67,5 Millionen und somit zehn Prozent mehr als 1990. Im Osten dagegen sind die Bev\u00f6lkerungszahlen gefallen: In den f\u00fcnf ostdeutschen L\u00e4ndern verringerte sich die Zahl der Einwohner um 16 Prozent auf 12,4 Millionen Menschen.<\/p>\n<\/p>\n<p>Am st\u00e4rksten betroffen von dieser Entwicklung sind Sachsen-Anhalt und Th\u00fcringen. Dort betrug der R\u00fcckgang 20 Prozent und mehr. Etwa die H\u00e4lfte dieser starken Abwanderung aus dem Osten, hei\u00dft es beim Statistischen Bundesamt, geht auf die ersten zehn Jahre seit der Vereinigung zur\u00fcck. Seitdem hat sich der Trend sp\u00fcrbar verlangsamt.<\/p>\n<p>In Bayern, Baden-W\u00fcrttemberg, Hamburg, Schleswig-Holstein und Rheinland-Pfalz legten die Bev\u00f6lkerungszahlen im gleichen Zeitraum um zehn Prozent oder mehr zu. Die Entwicklung trifft allerdings nicht alle Regionen gleicherma\u00dfen. Mit Herausforderungen wie \u00dcberalterung, Strukturwandel und sinkenden Geburtenraten haben auch viele Gebiete im Westen zu k\u00e4mpfen. Die Ausd\u00fcnnung auf dem Land hat gravierende Folgen.<\/p>\n<p>Die Ballungsr\u00e4ume ziehen mehr und mehr Menschen an. Davon profitieren auch ostdeutsche Metropolen: Die Stadt Leipzig zum Beispiel ist in den vergangenen Jahrzehnten um 30 Prozent gewachsen, die s\u00e4chsische Landeshauptstadt Dresden z\u00e4hlt rund 20 Prozent mehr Einwohner als in den Neunzigern. In westdeutschen Gro\u00dfst\u00e4dten wie Duisburg, Essen oder Bochum sind die Bev\u00f6lkerungszahlen dagegen um sieben Prozent und mehr gefallen.<\/p>\n<\/p>\n<p>Auf der Deutschland-Karte der Regionen sind die Unterschiede entlang der fr\u00fcheren innerdeutschen Grenze noch immer zu erkennen. Was haben die multimilliardenschweren Programme zum &#8222;Aufbau Ost&#8220; gebracht? Nach 1990 sind in den ostdeutschen Bundesl\u00e4ndern nicht nur Autobahnen, Wasserstra\u00dfenkreuzungen und Gro\u00dfflugh\u00e4fen entstanden.<\/p>\n<p>In den dreieinhalb Jahrzehnten investierten Kommunen gewaltige Summen in die Modernisierung der gesamten Infrastruktur &#8211; von der Abwasseraufbereitung und der Kanalisation \u00fcber Bushaltestellen und Stra\u00dfenbeleuchtung bis hin zu Schulen, Feuerwehren und Krankenh\u00e4usern. Die drohende \u00dcberalterung und die Abwanderung der J\u00fcngeren konnte das jedoch nicht aufhalten. &#8222;Im Zeitraum von 1991 bis 2024 wanderten rund 1,2 Millionen Menschen mehr von Ost nach West als umgekehrt&#8220;, beschreibt das Statistische Bundesamt die Bewegungen. <\/p>\n<\/p>\n<p>Dazu kommt: Die Geburtenrate im Osten liegt mittlerweile wieder deutlich unter dem Niveau des Westens. Nach den Jahren der Unsicherheit und des Umbruchs unmittelbar nach Mauerfall und Wende n\u00e4herte sich die rechnerische Kinderzahl je Frau rapide an. Ab 2007 kamen im Osten laut Geburtenstatistik sogar im Verh\u00e4ltnis mehr Kinder pro Frau zur Welt. Seit 2021 jedoch bewegt sich dieser Indikator wieder deutlich nach unten, in den \u00f6stlichen Bundesl\u00e4ndern st\u00e4rker als im Westen.<\/p>\n<p>Woran k\u00f6nnte das liegen? Die Gemengelage ist komplex. Wahrgenommene Risiken, die pers\u00f6nlichen Aussichten und die individuelle wirtschaftliche Perspektive d\u00fcrften jedoch &#8211; neben einer Vielzahl weiterer Faktoren &#8211; eine nicht unerhebliche Rolle spielen. Aus dem Blickwinkel der Politik gleicht die Entwicklung einem Warnsignal: Sollte es nicht gelingen, den Osten &#8211; und hier insbesondere den l\u00e4ndlichen Raum &#8211; f\u00fcr Familien und \u00e4ltere Einwohner gleicherma\u00dfen attraktiv zu halten, dann d\u00fcrften sich Abwanderungstrends eher beschleunigen.<\/p>\n<\/p>\n<p>Schlussendlich ist die \u00f6konomische St\u00e4rke Deutschlands seit der Wende jedoch erheblich gewachsen: Gemessen am preisbereinigten Bruttoinlandsprodukt je Einwohner, verzeichnen die Bundesl\u00e4nder im Osten &#8222;gro\u00dfe Aufholeffekte&#8220;, wie es beim Statistischen Bundesamt hei\u00dft. In Th\u00fcringen zum Beispiel legte die Wirtschaftskraft pro Kopf um satte 163 Prozent zu. Zum Vergleich: In Schleswig-Holstein ist sie im gleichen Zeitraum nur um 17 Prozent gewachsen.<\/p>\n<p>Am Kabinettstisch im Kanzleramt ist seit Jahren ein eigener Staatsministerposten f\u00fcr die Belange des Ostens reserviert. &#8222;Unsere Ziele sind gleichwertige Lebensverh\u00e4ltnisse in ganz Deutschland&#8220;, fasst Elisabeth Kaiser, die derzeitige Beauftragte der Bundesregierung f\u00fcr Ostdeutschland, die Aufgabenstellung zusammen. Die Bundesregierung r\u00e4umt offen ein, dass diese Ziele bislang nicht erreicht sind. Dabei lassen sich &#8211; wie zum Beispiel bei den Miet- und Eigentumsquoten &#8211; bereits reihenweise Indikatoren finden, bei denen die innerdeutsche Grenze auf der Deutschland-Karte nicht mehr zu erkennen ist. <\/p>\n<\/p>\n<p>&#8222;Bei Einkommen und Verm\u00f6gen, aber auch beim Anteil von Ostdeutschen in F\u00fchrungspositionen besteht Aufholbedarf&#8220;, hei\u00dft es aus dem Kanzleramt. Tats\u00e4chlich laufen hier die Entwicklungen noch weit auseinander: Im Westen erreichten Vollzeitbesch\u00e4ftigte 2024 etwa einen Durchschnittsverdienst von rund 4810 Euro pro Monat. In den \u00f6stlichen L\u00e4ndern lag der Bruttomonatsverdienst 2024 mit im Schnitt 3973 Euro noch deutlich darunter.<\/p>\n<p>Beim Verdienstabstand zwischen Frauen und M\u00e4nnern (&#8222;Gender Pay Gap&#8220;) liegt dagegen der Osten vorn. In den westlichen Bundesl\u00e4ndern und Berlin lag dieser Marker f\u00fcr Geschlechtergerechtigkeit im zur\u00fcckliegenden Jahr bei 17 Prozent, w\u00e4hrend er in den \u00f6stlichen Bundesl\u00e4ndern mit 5 Prozent deutlich geringer ausfiel.<\/p>\n<p>Ein wichtiger Einflussfaktor f\u00fcr diese Entwicklung sehen Experten in der Frage der Kinderbetreuung. Je fr\u00fcher junge M\u00fctter wieder in die bezahlte Berufst\u00e4tigkeit zur\u00fcckkehren k\u00f6nnen, desto geringer ist der sp\u00e4tere Gehaltsabstand. Im Osten besuchten mit 55 Prozent etwas mehr als die H\u00e4lfte der unter Dreij\u00e4hrigen eine Kindertagesst\u00e4tte. Im Westen waren es nur 34 Prozent.<\/p>\n<p>Die Zahlen aus der amtlichen Statistik werfen ein hartes Schlaglicht auf einzelne Indikatoren. Der Vielschichtigkeit der gesellschaftlichen Entwicklung werden solche isolierten Betrachtungen allerdings kaum gerecht. Erst in der Gesamtschau zeigt sich, wie stark sich die privaten Lebensumst\u00e4nde der Menschen in Deutschland in den zur\u00fcckliegenden 35 Jahren insgesamt ver\u00e4ndert haben.<\/p>\n<p>Und: F\u00fcr einen wachsenden Anteil der Bev\u00f6lkerung stellen die Umbr\u00fcche der Jahre 1989\/90 keine selbst erlebte Vergangenheit dar. Aktuell sind 64 Prozent der Menschen in Deutschland \u00e4lter als 35 Jahre, und 36 Prozent j\u00fcnger. Das hei\u00dft: Mit 30,2 Millionen sind bereits mehr als ein Drittel der Einwohner im wiedervereinigten Deutschland aufgewachsen.<\/p>\n","protected":false},"excerpt":{"rendered":"Deutschland, 35 Jahre nach der Wende: Wie hat sich das Leben, die Gesellschaft und der Wohlstand der Deutschen&hellip;\n","protected":false},"author":2,"featured_media":471918,"comment_status":"","ping_status":"","sticky":false,"template":"","format":"standard","meta":{"footnotes":""},"categories":[1773],"tags":[120096,29,214,30,664,66523,16,471,1780,215],"class_list":{"0":"post-471917","1":"post","2":"type-post","3":"status-publish","4":"format-standard","5":"has-post-thumbnail","7":"category-serien","8":"tag-deutsche-wiedervereinigung","9":"tag-deutschland","10":"tag-entertainment","11":"tag-germany","12":"tag-karten-daten-infografiken","13":"tag-mauerfall","14":"tag-politik","15":"tag-serien","16":"tag-series","17":"tag-unterhaltung"},"share_on_mastodon":{"url":"https:\/\/pubeurope.com\/@de\/115314555913164773","error":""},"_links":{"self":[{"href":"https:\/\/www.europesays.com\/de\/wp-json\/wp\/v2\/posts\/471917","targetHints":{"allow":["GET"]}}],"collection":[{"href":"https:\/\/www.europesays.com\/de\/wp-json\/wp\/v2\/posts"}],"about":[{"href":"https:\/\/www.europesays.com\/de\/wp-json\/wp\/v2\/types\/post"}],"author":[{"embeddable":true,"href":"https:\/\/www.europesays.com\/de\/wp-json\/wp\/v2\/users\/2"}],"replies":[{"embeddable":true,"href":"https:\/\/www.europesays.com\/de\/wp-json\/wp\/v2\/comments?post=471917"}],"version-history":[{"count":0,"href":"https:\/\/www.europesays.com\/de\/wp-json\/wp\/v2\/posts\/471917\/revisions"}],"wp:featuredmedia":[{"embeddable":true,"href":"https:\/\/www.europesays.com\/de\/wp-json\/wp\/v2\/media\/471918"}],"wp:attachment":[{"href":"https:\/\/www.europesays.com\/de\/wp-json\/wp\/v2\/media?parent=471917"}],"wp:term":[{"taxonomy":"category","embeddable":true,"href":"https:\/\/www.europesays.com\/de\/wp-json\/wp\/v2\/categories?post=471917"},{"taxonomy":"post_tag","embeddable":true,"href":"https:\/\/www.europesays.com\/de\/wp-json\/wp\/v2\/tags?post=471917"}],"curies":[{"name":"wp","href":"https:\/\/api.w.org\/{rel}","templated":true}]}}