{"id":471962,"date":"2025-10-04T07:11:10","date_gmt":"2025-10-04T07:11:10","guid":{"rendered":"https:\/\/www.europesays.com\/de\/471962\/"},"modified":"2025-10-04T07:11:10","modified_gmt":"2025-10-04T07:11:10","slug":"kampf-um-schaeffler-in-steinhagen-den-beschaeftigten-bleibt-nur-symbolik-haller-kreisblatt","status":"publish","type":"post","link":"https:\/\/www.europesays.com\/de\/471962\/","title":{"rendered":"Kampf um Schaeffler in Steinhagen &#8211; den Besch\u00e4ftigten bleibt nur Symbolik | Haller Kreisblatt"},"content":{"rendered":"<p id=\"absatz1\" class=\"em_text\">Es waren die klassischen Arbeiterparolen, die am vergangenen Montag (29. September) auf den Schildern der Demonstrierenden zu sehen waren: \u201eSchlie\u00dfung stoppen &#8211; Zukunft retten\u201c oder \u201eWir sind das Werk &#8211; wir bleiben hier\u201c. Und bei allem Verst\u00e4ndnis f\u00fcr die Leidenschaft, mit der die Besch\u00e4ftigten des Automobilzulieferers Schaeffler f\u00fcr den Erhalt des Steinhagener Werks Flagge zeigten: Ein wenig wirkte das Szenario wie aus der Zeit gefallen.<\/p>\n<p id=\"absatz2\" class=\"em_text\">Und zwar nicht etwa, weil die Forderungen der Mitarbeitenden \u00fcberzogen oder nicht nachvollziehbar w\u00e4ren. Im Gegenteil: Sie haben viele Jahre viele Kompromisse gemacht, um die Arbeitspl\u00e4tze in Steinhagen zu retten, haben auf ein vom Unternehmen angek\u00fcndigtes \u201eZukunftskonzept\u201c vertraut &#8211; nur um jetzt realisieren zu m\u00fcssen: Ihre Zukunft hei\u00dft Jobverlust. Es scheint, als habe das Schaeffler-Management nur abgewartet, bis die vom Betriebsrat nach z\u00e4hen Verhandlungen erreichte Standortsicherung Ende 2025 ausl\u00e4uft &#8211; um das Werk und die verbliebenen 200 Industrie-Arbeitspl\u00e4tze bis Ende 2026 dann abzuwickeln.<\/p>\n<p id=\"absatz4\" class=\"em_text\">Und genau deshalb ist der w\u00fctende, im Unterton schon etwas verzweifelte Protest der Belegschaft, des Betriebsrates und der IG Metall zwar nachvollziehbar &#8211; aber er wirkt in seiner Vergeblichkeit dennoch gestrig. Denn wo sich einst m\u00e4chtige Gewerkschaften und Betriebsr\u00e4te unterhakten, um den Arbeitgebern Zugest\u00e4ndnisse abzuringen, scheint die Schlacht hier schon verloren. Proteste mit guten Argumenten und ein beeindruckender Demonstrationszug durch die Gemeinde k\u00f6nnen nicht dar\u00fcber hinwegt\u00e4uschen, dass sich die Kr\u00e4fteverh\u00e4ltnisse gerade in der Automobilindustrie massiv verschoben haben.<\/p>\n<p>In Steinhagen zeigt sich, wie zynisch der Kapitalismus manchmal ist<\/p>\n<p><a class=\"article-detail-image use-fancybox\" href=\"https:\/\/www.haller-kreisblatt.de\/_em_daten\/_cache\/image\/1xYmY1K1ZTVzVOME5zYjJCU3Y0M29rSExOUzhlaTd0dm1OaStZaytiYkI3L3BNUnU4RHZQYXBxRnU2dUNnOVBNUmxNL0pIcy9xQnA4MHc0azlQRmpaaUNJd0gwTVh5SGxLMzBwOS83SmxPaG89\/251002-0748-650978639.jpg\" rel=\"article-detail-image-overlay noopener\" title=\"Der Schaeffler-Standort in Steinhagen soll Ende kommenden Jahres die Pforten schlie\u00dfen. - \u00a9 Ulrich F\u00e4lker\" target=\"_blank\"><\/p>\n<p><img decoding=\"async\" itemprop=\"image\" class=\"media-object img-responsive\" width=\"500\" src=\"https:\/\/www.europesays.com\/de\/wp-content\/uploads\/2025\/10\/251002-0748-650978639.jpg\" alt=\"Der Schaeffler-Standort in Steinhagen soll Ende kommenden Jahres die Pforten schlie\u00dfen. - \u00a9 Ulrich F\u00e4lker\"\/><br \/>\n<\/a><\/p>\n<p>Der Schaeffler-Standort in Steinhagen soll Ende kommenden Jahres die Pforten schlie\u00dfen.<br \/>\n(\u00a9 Ulrich F\u00e4lker)<\/p>\n<p id=\"absatz6\" class=\"em_text\">Schaeffler f\u00e4llt zwar formal in die Kategorie Familienunternehmen, ist de facto allerdings ein global agierender Konzern mit knallharten Renditezielen und ungeduldigen Aktion\u00e4ren. Der zudem noch in der Krise steckt. Und in solchen Phasen zeigt sich der ganze Zynismus im modernen Kapitalismus. Denn w\u00e4hrend Schaeffler das Werk in Steinhagen dichtmacht, plant der Konzern parallel, seine Gewinne in den kommenden Jahren zu verdoppeln. Unter anderem mit Ma\u00dfnahmen wie f\u00fcr die Mitarbeitenden schmerzhaften Sparprogrammen und Werksschlie\u00dfungen.<\/p>\n<p id=\"absatz7\"><b class=\"bold\">Demo durch Steinhagen:<\/b><a href=\"https:\/\/www.haller-kreisblatt.de\/lokal\/steinhagen\/24185000_Demo-durch-Steinhagen-Schaeffler-Belegschaft-kaempft-fuer-Erhalt-des-Werks.html\" target=\"_blank\" rel=\"noopener\"> <\/a><a href=\"https:\/\/www.haller-kreisblatt.de\/lokal\/steinhagen\/24185000_Demo-durch-Steinhagen-Schaeffler-Belegschaft-kaempft-fuer-Erhalt-des-Werks.html\" target=\"_blank\" rel=\"noopener\">Schaeffler-Belegschaft k\u00e4mpferisch<\/a><\/p>\n<p id=\"absatz8\" class=\"em_text\">Der Reflex ist dann immer derselbe und zum Beispiel auch bei Volkswagen verl\u00e4sslich zu beobachten: K\u00fcndigt ein Aktienunternehmen Entlassungen an, wird das an der B\u00f6rse bejubelt und die Kurse steigen. Das l\u00e4sst sich \u00f6konomisch sicher gut begr\u00fcnden &#8211; Effizienz und so &#8230;, aber es f\u00fchlt sich f\u00fcr den Laien doch nicht richtig an. Da gibt es vermeintlich schlechte Nachrichten f\u00fcr ein Unternehmen, Arbeitspl\u00e4tze fallen weg und Werke werden dichtgemacht &#8211; aber die Pakete der Anteilseigner sind auf einen Schlag mehr wert.<\/p>\n<p id=\"absatz9\" class=\"em_text\">Die Schaeffler-Besch\u00e4ftigten in Steinhagen fordern jetzt \u00f6ffentlichkeitswirksam eine Erkl\u00e4rung vom Unternehmen, ob denn auch Alternativen gepr\u00fcft wurden. Sie k\u00fcndigen an, um die Zukunft des Werkes k\u00e4mpfen zu wollen. Und ahnen doch bereits, dass dieser Kampf ein symbolischer sein wird. Der sich maximal noch darin auszahlen k\u00f6nnte, die eigene Haut m\u00f6glichst teuer zu verkaufen und beispielsweise gute Abfindungen herauszuschlagen.<\/p>\n<p id=\"absatz10\"><b class=\"bold\">Nach Hiobsbotschaft f\u00fcr Steinhagen:<\/b> <a href=\"https:\/\/www.haller-kreisblatt.de\/lokal\/steinhagen\/24177715_Werk-in-Steinhagen-schliesst-Schaeffler-kuendigt-Gewinn-Verdopplung-an.html\" target=\"_blank\" rel=\"noopener\">Schaeffler k\u00fcndigt Gewinn-Verdopplung an <\/a><\/p>\n<p>Steinhagens B\u00fcrgermeisterin verhehlt ihren Frust nicht<\/p>\n<p id=\"absatz11\" class=\"em_text\">Schaeffler hat l\u00e4ngst eine strategische Entscheidung gegen Steinhagen getroffen, und die Krise der Automobilzulieferer ist so tiefgreifend, dass der Abbau von Arbeitspl\u00e4tzen jetzt unter hohem Druck umgesetzt werden muss. Ein Indiz f\u00fcr die Lage mag sein, wie vehement sich Steinhagens SPD-B\u00fcrgermeisterin Sarah S\u00fc\u00df bei der Demo ge\u00e4u\u00dfert hat: Die vom Unternehmen geplante Gewinnmaximierung sei in den Ohren der Steinhagener Belegschaft \u201eein Hohn\u201c. Und das Zukunftskonzept sei \u201everpufft\u201c. So klingt niemand, der noch auf fruchtbare Verhandlungen mit einem abwanderungswilligen Konzern hofft. Auch die B\u00fcrgermeisterin wei\u00df l\u00e4ngst, dass es jetzt darum geht, Steinhagens Zukunft ohne Schaeffler zu planen.<\/p>\n<p id=\"absatz12\"><b class=\"bold\">Aktuelle News bekommen Sie t\u00e4glich \u00fcber den<\/b> <a data-auth=\"NotApplicable\" data-linkindex=\"0\" href=\"https:\/\/whatsapp.com\/channel\/0029VagU0FW1SWsxhmHz2v0q\" rel=\"noreferrer noopener\" target=\"_blank\" title=\"https:\/\/whatsapp.com\/channel\/0029VagU0FW1SWsxhmHz2v0q\">WhatsApp-Kanal des HK<\/a> <\/p>\n","protected":false},"excerpt":{"rendered":"Es waren die klassischen Arbeiterparolen, die am vergangenen Montag (29. September) auf den Schildern der Demonstrierenden zu sehen&hellip;\n","protected":false},"author":2,"featured_media":471963,"comment_status":"","ping_status":"","sticky":false,"template":"","format":"standard","meta":{"footnotes":""},"categories":[1841],"tags":[120104,2558,1605,102818,3364,507,29,30,744,101998,669,9307,4280,16402,42500,16403,19081,1612,16405,745,1209,16382,76666,22870],"class_list":{"0":"post-471962","1":"post","2":"type-post","3":"status-publish","4":"format-standard","5":"has-post-thumbnail","7":"category-bielefeld","8":"tag-arbeiterparole","9":"tag-betriebsrat","10":"tag-bielefeld","11":"tag-cnt_aufmacher","12":"tag-de","13":"tag-demonstration","14":"tag-deutschland","15":"tag-germany","16":"tag-ig-metall","17":"tag-ina-holding-schaeffler","18":"tag-krise","19":"tag-label_foto","20":"tag-label_l-120","21":"tag-label_ordne-fr-mich-ein","22":"tag-label_wirtschaft","23":"tag-meta_artikelklasse_kommentar","24":"tag-meta_copyrights_hk","25":"tag-meta_themen_wirtschaft","26":"tag-meta_userneeds_ordneein","27":"tag-metall","28":"tag-nordrhein-westfalen","29":"tag-steinhagen","30":"tag-symbolik","31":"tag-wochenkommentar"},"share_on_mastodon":{"url":"https:\/\/pubeurope.com\/@de\/115314654747412494","error":""},"_links":{"self":[{"href":"https:\/\/www.europesays.com\/de\/wp-json\/wp\/v2\/posts\/471962","targetHints":{"allow":["GET"]}}],"collection":[{"href":"https:\/\/www.europesays.com\/de\/wp-json\/wp\/v2\/posts"}],"about":[{"href":"https:\/\/www.europesays.com\/de\/wp-json\/wp\/v2\/types\/post"}],"author":[{"embeddable":true,"href":"https:\/\/www.europesays.com\/de\/wp-json\/wp\/v2\/users\/2"}],"replies":[{"embeddable":true,"href":"https:\/\/www.europesays.com\/de\/wp-json\/wp\/v2\/comments?post=471962"}],"version-history":[{"count":0,"href":"https:\/\/www.europesays.com\/de\/wp-json\/wp\/v2\/posts\/471962\/revisions"}],"wp:featuredmedia":[{"embeddable":true,"href":"https:\/\/www.europesays.com\/de\/wp-json\/wp\/v2\/media\/471963"}],"wp:attachment":[{"href":"https:\/\/www.europesays.com\/de\/wp-json\/wp\/v2\/media?parent=471962"}],"wp:term":[{"taxonomy":"category","embeddable":true,"href":"https:\/\/www.europesays.com\/de\/wp-json\/wp\/v2\/categories?post=471962"},{"taxonomy":"post_tag","embeddable":true,"href":"https:\/\/www.europesays.com\/de\/wp-json\/wp\/v2\/tags?post=471962"}],"curies":[{"name":"wp","href":"https:\/\/api.w.org\/{rel}","templated":true}]}}