{"id":471991,"date":"2025-10-04T07:27:09","date_gmt":"2025-10-04T07:27:09","guid":{"rendered":"https:\/\/www.europesays.com\/de\/471991\/"},"modified":"2025-10-04T07:27:09","modified_gmt":"2025-10-04T07:27:09","slug":"bonner-gesundheitsamt-raet-zur-grippe-impfung","status":"publish","type":"post","link":"https:\/\/www.europesays.com\/de\/471991\/","title":{"rendered":"Bonner Gesundheitsamt r\u00e4t zur Grippe-Impfung"},"content":{"rendered":"<p>Das Gesundheitsamt r\u00e4t, sich rechtzeitig um Auffrischungsimpfungen zu k\u00fcmmern. Vor allem Risikogruppen und ihre Kontaktpersonen sollten sich so vor schweren Krankheitsverl\u00e4ufen sch\u00fctzen. Bei uns erreicht die j\u00e4hrliche Influenzawelle meist nach der Jahreswende ihren H\u00f6hepunkt, berichtet das Bonner Gesundheitsamt. Nach der Impfung dauert es in der Regel zehn bis 14 Tage, bis der Impfschutz ausgebildet ist. Deshalb sollte schon ab Oktober bis sp\u00e4testens Mitte Dezember geimpft werden. Auch der Verband der Haus\u00e4rztinnen und -\u00e4rzte und der Apothekerverband hier rufen zur Impfung auf. Sie bieten auch Beratung an und kl\u00e4ren \u00fcber m\u00f6gliche Risiken auf.\u00a0<\/p>\n","protected":false},"excerpt":{"rendered":"Das Gesundheitsamt r\u00e4t, sich rechtzeitig um Auffrischungsimpfungen zu k\u00fcmmern. Vor allem Risikogruppen und ihre Kontaktpersonen sollten sich so&hellip;\n","protected":false},"author":2,"featured_media":471992,"comment_status":"","ping_status":"","sticky":false,"template":"","format":"standard","meta":{"footnotes":""},"categories":[1842],"tags":[120111,1741,3364,29,30,36833,13411,755,1209],"class_list":{"0":"post-471991","1":"post","2":"type-post","3":"status-publish","4":"format-standard","5":"has-post-thumbnail","7":"category-bonn","8":"tag-grippeschutzimpfung","9":"tag-bonn","10":"tag-de","11":"tag-deutschland","12":"tag-germany","13":"tag-gesundheitsamt","14":"tag-grippe","15":"tag-impfung","16":"tag-nordrhein-westfalen"},"share_on_mastodon":{"url":"https:\/\/pubeurope.com\/@de\/115314717023781587","error":""},"_links":{"self":[{"href":"https:\/\/www.europesays.com\/de\/wp-json\/wp\/v2\/posts\/471991","targetHints":{"allow":["GET"]}}],"collection":[{"href":"https:\/\/www.europesays.com\/de\/wp-json\/wp\/v2\/posts"}],"about":[{"href":"https:\/\/www.europesays.com\/de\/wp-json\/wp\/v2\/types\/post"}],"author":[{"embeddable":true,"href":"https:\/\/www.europesays.com\/de\/wp-json\/wp\/v2\/users\/2"}],"replies":[{"embeddable":true,"href":"https:\/\/www.europesays.com\/de\/wp-json\/wp\/v2\/comments?post=471991"}],"version-history":[{"count":0,"href":"https:\/\/www.europesays.com\/de\/wp-json\/wp\/v2\/posts\/471991\/revisions"}],"wp:featuredmedia":[{"embeddable":true,"href":"https:\/\/www.europesays.com\/de\/wp-json\/wp\/v2\/media\/471992"}],"wp:attachment":[{"href":"https:\/\/www.europesays.com\/de\/wp-json\/wp\/v2\/media?parent=471991"}],"wp:term":[{"taxonomy":"category","embeddable":true,"href":"https:\/\/www.europesays.com\/de\/wp-json\/wp\/v2\/categories?post=471991"},{"taxonomy":"post_tag","embeddable":true,"href":"https:\/\/www.europesays.com\/de\/wp-json\/wp\/v2\/tags?post=471991"}],"curies":[{"name":"wp","href":"https:\/\/api.w.org\/{rel}","templated":true}]}}