{"id":472681,"date":"2025-10-04T13:51:11","date_gmt":"2025-10-04T13:51:11","guid":{"rendered":"https:\/\/www.europesays.com\/de\/472681\/"},"modified":"2025-10-04T13:51:11","modified_gmt":"2025-10-04T13:51:11","slug":"auto-ueberschlaegt-sich-auf-brauckstrasse","status":"publish","type":"post","link":"https:\/\/www.europesays.com\/de\/472681\/","title":{"rendered":"Auto \u00fcberschl\u00e4gt sich auf Brauckstra\u00dfe"},"content":{"rendered":"<p>\t\tAuto \u00fcberschl\u00e4gt sich in Gladbeck<br \/>\n\t\t\t\t\tMehrere Fahrzeuge werden besch\u00e4digt<\/p>\n<p>    <a href=\"https:\/\/www.recklinghaeuser-zeitung.de\/wp-content\/uploads\/2025\/10\/04\/12\/630_0863_1085766_Update_Auto_ueberschlaegt_sich_in_Gladb630_0900_5123794_-1648x824.jpg\" target=\"_blank\" rel=\"noopener\"><\/p>\n<p>            <img loading=\"lazy\" decoding=\"async\" src=\"https:\/\/www.europesays.com\/de\/wp-content\/uploads\/2025\/10\/630_0863_1085766_Update_Auto_ueberschlaegt_sich_in_Gladb630_0900_5123793_-640x428.jpg\" width=\"640\" height=\"428\"  alt=\"Ein Auto liegt \u00fcberschlagen auf der Stra\u00dfe. Ein Polizist kennzeichnet im Regen die Unfallstelle.\"\/><\/p>\n<p>    <\/a><br \/>\n    Im str\u00f6menden Regen mussten die Polizeibeamten in der Nacht den Unfallort kennzeichnen. \u00a9 7aktuell.de\/Marc Gruber<\/p>\n<p class=\"article__teaser-text\">Da hat wohl jemand kurzfristig die Kontrolle \u00fcber sein Auto verloren. Die Folge: ein Krankenhausaufenthalt und eine Menge Sachschaden.<\/p>\n<p>1 Min Lesezeit<\/p>\n","protected":false},"excerpt":{"rendered":"Auto \u00fcberschl\u00e4gt sich in Gladbeck Mehrere Fahrzeuge werden besch\u00e4digt Im str\u00f6menden Regen mussten die Polizeibeamten in der Nacht&hellip;\n","protected":false},"author":2,"featured_media":472682,"comment_status":"","ping_status":"","sticky":false,"template":"","format":"standard","meta":{"footnotes":""},"categories":[1848],"tags":[1950,3364,29,548,663,3934,3658,30,13,14,15,1209,12,1284],"class_list":{"0":"post-472681","1":"post","2":"type-post","3":"status-publish","4":"format-standard","5":"has-post-thumbnail","7":"category-gelsenkirchen","8":"tag-blaulicht","9":"tag-de","10":"tag-deutschland","11":"tag-eu","12":"tag-europa","13":"tag-europe","14":"tag-gelsenkirchen","15":"tag-germany","16":"tag-headlines","17":"tag-nachrichten","18":"tag-news","19":"tag-nordrhein-westfalen","20":"tag-schlagzeilen","21":"tag-unfall"},"share_on_mastodon":{"url":"https:\/\/pubeurope.com\/@de\/115316227479292200","error":""},"_links":{"self":[{"href":"https:\/\/www.europesays.com\/de\/wp-json\/wp\/v2\/posts\/472681","targetHints":{"allow":["GET"]}}],"collection":[{"href":"https:\/\/www.europesays.com\/de\/wp-json\/wp\/v2\/posts"}],"about":[{"href":"https:\/\/www.europesays.com\/de\/wp-json\/wp\/v2\/types\/post"}],"author":[{"embeddable":true,"href":"https:\/\/www.europesays.com\/de\/wp-json\/wp\/v2\/users\/2"}],"replies":[{"embeddable":true,"href":"https:\/\/www.europesays.com\/de\/wp-json\/wp\/v2\/comments?post=472681"}],"version-history":[{"count":0,"href":"https:\/\/www.europesays.com\/de\/wp-json\/wp\/v2\/posts\/472681\/revisions"}],"wp:featuredmedia":[{"embeddable":true,"href":"https:\/\/www.europesays.com\/de\/wp-json\/wp\/v2\/media\/472682"}],"wp:attachment":[{"href":"https:\/\/www.europesays.com\/de\/wp-json\/wp\/v2\/media?parent=472681"}],"wp:term":[{"taxonomy":"category","embeddable":true,"href":"https:\/\/www.europesays.com\/de\/wp-json\/wp\/v2\/categories?post=472681"},{"taxonomy":"post_tag","embeddable":true,"href":"https:\/\/www.europesays.com\/de\/wp-json\/wp\/v2\/tags?post=472681"}],"curies":[{"name":"wp","href":"https:\/\/api.w.org\/{rel}","templated":true}]}}