{"id":472721,"date":"2025-10-04T14:13:20","date_gmt":"2025-10-04T14:13:20","guid":{"rendered":"https:\/\/www.europesays.com\/de\/472721\/"},"modified":"2025-10-04T14:13:20","modified_gmt":"2025-10-04T14:13:20","slug":"eu-fuehrerscheinreform-vor-eu-abstimmung-das-aendert-sich-2025","status":"publish","type":"post","link":"https:\/\/www.europesays.com\/de\/472721\/","title":{"rendered":"EU-F\u00fchrerscheinreform vor EU-Abstimmung: Das \u00e4ndert sich 2025"},"content":{"rendered":"<ol class=\"id-DonaldBreadcrumb lp_west_breadcrumb id-DonaldBreadcrumb--default\" data-k5a-pos=\"west_breadcrumb\">\n<li class=\"id-Breadcrumb-item\"><a href=\"https:\/\/www.fr.de\/\" class=\"id-Breadcrumb-link\" data-id-ec=\"{\" shn=\"\" textlink=\"\" data-k5a-pos=\"1_startseite\" rel=\"nofollow noopener\" target=\"_blank\">Startseite<\/a><\/li>\n<li class=\"id-Breadcrumb-item\"><a href=\"https:\/\/www.fr.de\/verbraucher\/\" class=\"id-Breadcrumb-link\" data-id-ec=\"{\" shn=\"\" textlink=\"\" data-k5a-pos=\"2_verbraucher\" rel=\"nofollow noopener\" target=\"_blank\">Verbraucher<\/a><\/li>\n<\/ol>\n<p class=\"id-Story-timestamp id-Story-timestamp--default\">Stand: 04.10.2025, 12:52 Uhr<\/p>\n<p class=\"id-Story-authors id-Story-authors--default\">Von: <a class=\"id-Story-authors-link lp_west_author\" href=\"https:\/\/www.fr.de\/autor\/philipp-hansen-fid1pjfs.html\" title=\"Zur Autorenseite von Philipp Hansen\" data-id-ec=\"{\" shn=\"\" author-link=\"\" hansen=\"\" data-k5a-pos=\"west_author\" rel=\"nofollow noopener\" target=\"_blank\">Philipp Hansen<\/a><\/p>\n<p class=\"id-Story-interactionBar id-Story-interactionBar--default\">DruckenTeilen<\/p>\n<p class=\"id-StoryElement-leadText\">Im Herbst f\u00e4llt die EU-Entscheidung, die lange diskutiert wurde. Was Senioren, Camper und Fahranf\u00e4nger jetzt wissen m\u00fcssen \u2013 und wie Deutschland reagiert.<\/p>\n<p class=\"id-StoryElement-paragraph\">Der Countdown l\u00e4uft: Zwischen Oktober und November 2025 stimmt das <a href=\"https:\/\/www.fr.de\/politik\/eu-europaeische-union-mitgliedstaaten-laender-gruendung-von-der-leyen-ziele-91385429.html\" class=\"id-import-Link\" data-id-ec=\"{&quot;sht&quot;:&quot;Container&quot;,&quot;shn&quot;:&quot;Story&quot;,&quot;p&quot;:{&quot;containerType&quot;:&quot;Paragraph&quot;,&quot;displayType&quot;:&quot;Paragraph InlineLink&quot;,&quot;type&quot;:&quot;INLINE_LINK&quot;,&quot;value&quot;:&quot;EU&quot;,&quot;variant&quot;:&quot;standardLink&quot;,&quot;sponsored&quot;:false,&quot;linkHref&quot;:&quot;https:\/\/www.fr.de\/politik\/eu-europaeische-union-mitgliedstaaten-laender-gruendung-von-der-leyen-ziele-91385429.html&quot;,&quot;storyElementPosition&quot;:8,&quot;storyElementCount&quot;:28}}\" rel=\"nofollow noopener\" target=\"_blank\">EU<\/a>-Parlament \u00fcber die wohl umstrittenste Reformen f\u00fcr den <a href=\"https:\/\/www.merkur.de\/verbraucher\/fuehrerschein-info-news-regeln-fuehrerscheinklassen-fahrerlaubnis-92380825.html\" class=\"id-import-Link id-pageApi-Link--externalDomain\" data-id-ec=\"{&quot;sht&quot;:&quot;Container&quot;,&quot;shn&quot;:&quot;Story&quot;,&quot;p&quot;:{&quot;containerType&quot;:&quot;Paragraph&quot;,&quot;displayType&quot;:&quot;Paragraph InlineLink&quot;,&quot;type&quot;:&quot;INLINE_LINK&quot;,&quot;value&quot;:&quot;F&#xFC;hrerschein&quot;,&quot;variant&quot;:&quot;standardLink&quot;,&quot;sponsored&quot;:false,&quot;linkHref&quot;:&quot;https:\/\/www.merkur.de\/verbraucher\/fuehrerschein-info-news-regeln-fuehrerscheinklassen-fahrerlaubnis-92380825.html&quot;,&quot;storyElementPosition&quot;:8,&quot;storyElementCount&quot;:28}}\" rel=\"nofollow noopener\" target=\"_blank\">F\u00fchrerschein<\/a> seit Jahren ab. F\u00fcr Millionen Autofahrer in Deutschland wird es ernst \u2013 die Unsicherheit ist gro\u00df, denn die neuen Regeln k\u00f6nnten den Alltag vieler radikal ver\u00e4ndern. M\u00fcssen Senioren bald zum Arzt, um weiter fahren zu d\u00fcrfen? Kommt f\u00fcr Camper die Extra-Pr\u00fcfung? Die geplanten \u00c4nderungen, die in wenigen Wochen ihre finale Form annehmen sollen, bringen neue Pflichten und hitzige Debatten. Was Sie jetzt wissen m\u00fcssen \u2013 und warum die Zitterpartie f\u00fcr viele schon vor der Abstimmung beginnt.<\/p>\n<p><img decoding=\"async\" class=\"id-RatioPlaceholder-element wv_story_el_image\" src=\"https:\/\/www.europesays.com\/de\/wp-content\/uploads\/2025\/10\/39799774-bavaria-germany-march-2025-young-man-sits-in-car-and-holds-his-driver-license-in-front-of-t.jpeg\" loading=\"lazy\"   height=\"733\" width=\"1100\" alt=\"Bavaria, Germany - March 9, 2025: A young man sits in a car and holds his driver s license in front of the steering whee&#10;\"\/>In wenigen Wochen entscheidet die EU: droht Millionen die F\u00fchrerschein-Revolution? \u00a9\u00a0IMAGO\/Michael Bihlmayer<\/p>\n<p class=\"id-StoryElement-paragraph\">Laut ADAC k\u00f6nnten bis zu 14 Millionen Fahrer ab 65 Jahren betroffen sein, sollten Medizinchecks Pflicht werden. Die EU \u00fcberl\u00e4sst die Entscheidung den Mitgliedstaaten: Arztbesuch oder Selbstauskunft? F\u00fcr Camper gibt es k\u00fcnftig die 4,25-Tonnen-Grenze \u2013 mit Extra-Ausbildung. Das Gewicht entspricht etwa zwei ausgewachsenen Elefanten. Die Umsetzung dauert bis zu vier Jahre, aber die entscheidenden Weichen werden jetzt gestellt.<\/p>\n<p>EU-F\u00fchrerscheinreform: Wer ist betroffen \u2013 und wann ist es so weit<\/p>\n<p class=\"id-StoryElement-paragraph\">Obwohl die neuen F\u00fchrerscheinregeln erst in den kommenden Jahren in Deutschland greifen k\u00f6nnten, ist der Herbst 2025 ein Wendepunkt: Im Oktober oder November stimmt das EU-Parlament final ab. Die politische Richtung wird damit festgelegt \u2013 und Deutschland muss sich positionieren, ob es etwa den Arzt-Zwang f\u00fcr Senioren einf\u00fchrt oder die neuen Camper-Regeln streng umsetzt. Kritisch wird es, weil viele Details noch offen sind und die Verb\u00e4nde sowie Millionen Betroffene jetzt Einfluss nehmen k\u00f6nnen. <\/p>\n<ul class=\"id-StoryElement-list id-StoryElement-list--unordered\">\n<li class=\"id-StoryElement-list-item\"><strong>Die wichtigsten F\u00fchrerschein-\u00c4nderungen auf einen Blick<\/strong><\/li>\n<li class=\"id-StoryElement-list-item\">Senioren: <a href=\"https:\/\/www.fr.de\/verbraucher\/neue-fuehrerscheinregeln-eu-trifft-entscheidung-zu-gesundheitschecks-fuer-senioren-zr-93649337.html\" class=\"id-import-Link\" data-id-ec=\"{&quot;sht&quot;:&quot;Container&quot;,&quot;shn&quot;:&quot;Story&quot;,&quot;p&quot;:{&quot;containerType&quot;:&quot;Unordered List&quot;,&quot;displayType&quot;:&quot;Unordered ListItem InlineLink&quot;,&quot;type&quot;:&quot;INLINE_LINK&quot;,&quot;value&quot;:&quot;Arzt-Zwang oder Selbstauskunft &#x2013; Entscheidung liegt bei den Nationalstaaten&quot;,&quot;variant&quot;:&quot;standardLink&quot;,&quot;sponsored&quot;:false,&quot;linkHref&quot;:&quot;https:\/\/www.fr.de\/verbraucher\/neue-fuehrerscheinregeln-eu-trifft-entscheidung-zu-gesundheitschecks-fuer-senioren-zr-93649337.html&quot;,&quot;storyElementPosition&quot;:15,&quot;storyElementCount&quot;:28}}\" rel=\"nofollow noopener\" target=\"_blank\">Arzt-Zwang oder Selbstauskunft \u2013 Entscheidung liegt bei den Nationalstaaten<\/a><\/li>\n<li class=\"id-StoryElement-list-item\">Camper: <a href=\"https:\/\/www.merkur.de\/verbraucher\/camper-branche-im-wandel-fuehrerschein-aenderung-hat-weitreichende-folgen-93912779.html\" class=\"id-import-Link id-pageApi-Link--externalDomain\" data-id-ec=\"{&quot;sht&quot;:&quot;Container&quot;,&quot;shn&quot;:&quot;Story&quot;,&quot;p&quot;:{&quot;containerType&quot;:&quot;Unordered List&quot;,&quot;displayType&quot;:&quot;Unordered ListItem InlineLink&quot;,&quot;type&quot;:&quot;INLINE_LINK&quot;,&quot;value&quot;:&quot;Wohnmobile bis 4,25 Tonnen mit Klasse B, aber nur nach spezieller Ausbildung\/Pr&#xFC;fung&quot;,&quot;variant&quot;:&quot;standardLink&quot;,&quot;sponsored&quot;:false,&quot;linkHref&quot;:&quot;https:\/\/www.merkur.de\/verbraucher\/camper-branche-im-wandel-fuehrerschein-aenderung-hat-weitreichende-folgen-93912779.html&quot;,&quot;storyElementPosition&quot;:15,&quot;storyElementCount&quot;:28}}\" rel=\"nofollow noopener\" target=\"_blank\">Wohnmobile bis 4,25 Tonnen mit Klasse B, aber nur nach spezieller Ausbildung\/Pr\u00fcfung<\/a><\/li>\n<li class=\"id-StoryElement-list-item\">Fahranf\u00e4nger: Einheitliche Probezeit von zwei Jahren, strengere Sanktionen bei Verst\u00f6\u00dfen<\/li>\n<li class=\"id-StoryElement-list-item\">LKW-Fahrer: \u201eBegleitetes Fahren ab 17\u201c auch f\u00fcr LKW, mit Grundqualifikation<\/li>\n<li class=\"id-StoryElement-list-item\">Digital: <a href=\"https:\/\/www.fr.de\/verbraucher\/neue-eu-regelung-wird-ab-mitte-september-pflicht-millionen-elektrogeraete-betroffen-93912867.html\" class=\"id-import-Link\" data-id-ec=\"{&quot;sht&quot;:&quot;Container&quot;,&quot;shn&quot;:&quot;Story&quot;,&quot;p&quot;:{&quot;containerType&quot;:&quot;Unordered List&quot;,&quot;displayType&quot;:&quot;Unordered ListItem InlineLink&quot;,&quot;type&quot;:&quot;INLINE_LINK&quot;,&quot;value&quot;:&quot;F&#xFC;hrerschein kommt als digitale Karte aufs Smartphone&quot;,&quot;variant&quot;:&quot;standardLink&quot;,&quot;sponsored&quot;:false,&quot;linkHref&quot;:&quot;https:\/\/www.fr.de\/verbraucher\/neue-eu-regelung-wird-ab-mitte-september-pflicht-millionen-elektrogeraete-betroffen-93912867.html&quot;,&quot;storyElementPosition&quot;:15,&quot;storyElementCount&quot;:28}}\" rel=\"nofollow noopener\" target=\"_blank\">F\u00fchrerschein kommt als digitale Karte aufs Smartphone<\/a><\/li>\n<\/ul>\n<p class=\"id-StoryElement-paragraph\">Deutschland und die anderen EU-Staaten haben nach der Abstimmung bis zu vier Jahre Zeit, die Vorgaben in eigene Gesetze zu \u00fcberf\u00fchren. Das bedeutet: Die politischen Weichen werden jetzt gestellt, aber die neuen Regeln k\u00f6nnten fr\u00fchestens ab 2026 oder sogar erst 2029 im Alltag ankommen.<\/p>\n<p>R\u00e4tselhafte Verkehrszeichen: Zehn Schilder, deren Bedeutung nicht jedem klar ist<img decoding=\"async\" class=\"id-RatioPlaceholder-element wv_story_el_interstitialImage\" src=\"https:\/\/www.europesays.com\/de\/wp-content\/uploads\/2025\/10\/31308470-unbekannte-verkehrszeichen-radschnellweg-schild-2JGomxrARdfe.jpg\" loading=\"lazy\"   height=\"2369\" width=\"3237\" alt=\"Verkehrszeichen Radschnellweg\"\/><a href=\"https:\/\/www.fr.de\/ratgeber\/auto\/selten-verkehrszeichen-zehn-schilder-verwirrung-raetsel-unbekannt-regel-vorschriften-zr-92171029.html\" class=\"id-StoryElement-intestitialLink-link\" data-id-ec=\"{\" shn=\"\" ansehen=\"\" data-k5a-pos=\"west_story_17_photoGalleryLink\" title=\"Zur Fotostrecke: R&#xE4;tselhafte Verkehrszeichen: Zehn Schilder, deren Bedeutung nicht jedem klar ist\" rel=\"nofollow noopener\" target=\"_blank\">Fotostrecke ansehen<\/a>Experten, Verb\u00e4nde und der Streit um neue Pflichten<\/p>\n<p class=\"id-StoryElement-paragraph\">Die geplante Reform sorgt f\u00fcr reichlich Gegenwind. Kritiker sprechen von einem <a href=\"https:\/\/www.fr.de\/ratgeber\/auto\/kein-fahrverbot-im-alter-eu-kippt-gesundheitstests-fuer-senioren-zr-93649164.html\" class=\"id-import-Link\" data-id-ec=\"{&quot;sht&quot;:&quot;Container&quot;,&quot;shn&quot;:&quot;Story&quot;,&quot;p&quot;:{&quot;containerType&quot;:&quot;Paragraph&quot;,&quot;displayType&quot;:&quot;Paragraph InlineLink&quot;,&quot;type&quot;:&quot;INLINE_LINK&quot;,&quot;value&quot;:&quot;&#x201E;B&#xFC;rokratie-Monster&#x201C;, das Millionen Menschen verunsichert&quot;,&quot;variant&quot;:&quot;standardLink&quot;,&quot;sponsored&quot;:false,&quot;linkHref&quot;:&quot;https:\/\/www.fr.de\/ratgeber\/auto\/kein-fahrverbot-im-alter-eu-kippt-gesundheitstests-fuer-senioren-zr-93649164.html&quot;,&quot;storyElementPosition&quot;:21,&quot;storyElementCount&quot;:28}}\" rel=\"nofollow noopener\" target=\"_blank\">\u201eB\u00fcrokratie-Monster\u201c, das Millionen Menschen verunsichert<\/a> und gerade Senioren unn\u00f6tig unter Druck setzt. Fahrlehrerverb\u00e4nde warnen, dass neue Pr\u00fcfpflichten und Gesundheitschecks nicht automatisch mehr Sicherheit bringen, sondern vor allem den Aufwand f\u00fcr B\u00fcrger und Beh\u00f6rden erh\u00f6hen. Auch die Camper-Community sieht die Gefahr, dass die neue Gewichtsklasse zwar mehr Freiheit verspricht, aber mit aufwendigen Zusatzpr\u00fcfungen und unklaren Regeln zur Stolperfalle wird. Der ADAC fordert deshalb praxisnahe L\u00f6sungen und transparente \u00dcbergangsfristen \u2013 damit die Reform nicht zum Angstthema auf Deutschlands Stra\u00dfen wird.<\/p>\n<blockquote class=\"id-StoryElement-blockquote\">\n<p class=\"id-StoryElement-blockquote-text\">Wir brauchen keine zus\u00e4tzliche B\u00fcrokratie.<\/p>\n<\/blockquote>\n<p class=\"id-StoryElement-paragraph\">Trotz aller Kritik bringt die Reform auch klare Chancen. Die europaweit einheitliche Probezeit f\u00fcr Fahranf\u00e4nger soll f\u00fcr mehr Sicherheit sorgen und klare Standards schaffen \u2013 egal ob in Berlin oder Barcelona. Die neue 4,25-Tonnen-Grenze f\u00fcr Camper und E-Fahrzeuge er\u00f6ffnet vielen Familien neue M\u00f6glichkeiten, gr\u00f6\u00dfere Fahrzeuge zu nutzen, ohne gleich einen LKW-F\u00fchrerschein machen zu m\u00fcssen (vergleichbar mit dem Upgrade vom Kleinwagen zum Familienvan). Der digitale F\u00fchrerschein spart Papierkram und erleichtert die Kontrolle im Ausland \u2013 \u00e4hnlich wie das digitale Impfzertifikat auf Reisen. F\u00fcr Berufseinsteiger in der Logistik k\u00f6nnte die Absenkung des Mindestalters den Jobmarkt \u00f6ffnen und den Fahrermangel lindern.<\/p>\n<p><img decoding=\"async\" class=\"id-RatioPlaceholder-element wv_story_el_image\" src=\"https:\/\/www.europesays.com\/de\/wp-content\/uploads\/2025\/10\/39552412-wohnmobile-stehen-auf-der-autobahn-im-stau-QLBG.jpg\" loading=\"lazy\"   height=\"733\" width=\"1100\" alt=\"Wohnmobile stehen auf der Autobahn im Stau\"\/>Zuk\u00fcnftig sollen auch Wohnmobile \u00fcber 3,5 Tonnen in der EU mit dem B-F\u00fchrerschein gefahren werden. \u00a9\u00a0Wolfgang Maria Weber\/IMAGOWas \u00e4nderte sich bei der letzten F\u00fchrerscheinreform?<\/p>\n<p class=\"id-StoryElement-paragraph\">Die letzte gro\u00dfe EU-F\u00fchrerscheinreform trat 2013 in Kraft. Damals wurden die F\u00fchrerscheinklassen vereinheitlicht, die G\u00fcltigkeit auf 15 Jahre begrenzt und der Umtausch von \u201ealten Lappen\u201c schrittweise Pflicht. F\u00fcr viele bedeutete das: Papierf\u00fchrerschein weg, Plastikkarte her \u2013 etwa wie der Wechsel vom alten Personalausweis zum neuen Chip-Ausweis. Die aktuellen Pl\u00e4ne gehen deutlich weiter: Jetzt stehen Gesundheitschecks, neue Gewichtsklassen und digitale F\u00fchrerscheine im Raum \u2013 mit Auswirkungen f\u00fcr Millionen. Junge Fahrer profitieren, \u00e4ltere nicht: <a href=\"https:\/\/www.merkur.de\/verbraucher\/junge-fahrer-profitieren-aeltere-nicht-was-die-neue-fuehrerscheinregel-fuer-sie-bedeutet-93935692.html\" class=\"id-import-Link id-pageApi-Link--externalDomain\" data-id-ec=\"{&quot;sht&quot;:&quot;Container&quot;,&quot;shn&quot;:&quot;Story&quot;,&quot;p&quot;:{&quot;containerType&quot;:&quot;Paragraph&quot;,&quot;displayType&quot;:&quot;Paragraph InlineLink&quot;,&quot;type&quot;:&quot;INLINE_LINK&quot;,&quot;value&quot;:&quot;Was die neue F&#xFC;hrerscheinregel f&#xFC;r Sie bedeutet&quot;,&quot;variant&quot;:&quot;standardLink&quot;,&quot;sponsored&quot;:false,&quot;linkHref&quot;:&quot;https:\/\/www.merkur.de\/verbraucher\/junge-fahrer-profitieren-aeltere-nicht-was-die-neue-fuehrerscheinregel-fuer-sie-bedeutet-93935692.html&quot;,&quot;storyElementPosition&quot;:28,&quot;storyElementCount&quot;:28}}\" rel=\"nofollow noopener\" target=\"_blank\">Was die neue F\u00fchrerscheinregel f\u00fcr Sie bedeutet<\/a>.<\/p>\n","protected":false},"excerpt":{"rendered":"Startseite Verbraucher Stand: 04.10.2025, 12:52 Uhr Von: Philipp Hansen DruckenTeilen Im Herbst f\u00e4llt die EU-Entscheidung, die lange diskutiert&hellip;\n","protected":false},"author":2,"featured_media":472722,"comment_status":"","ping_status":"","sticky":false,"template":"","format":"standard","meta":{"footnotes":""},"categories":[3933],"tags":[331,332,548,663,158,3934,3935,13,14,15,12],"class_list":{"0":"post-472721","1":"post","2":"type-post","3":"status-publish","4":"format-standard","5":"has-post-thumbnail","7":"category-eu","8":"tag-aktuelle-nachrichten","9":"tag-aktuelle-news","10":"tag-eu","11":"tag-europa","12":"tag-europaeische-union","13":"tag-europe","14":"tag-european-union","15":"tag-headlines","16":"tag-nachrichten","17":"tag-news","18":"tag-schlagzeilen"},"share_on_mastodon":{"url":"https:\/\/pubeurope.com\/@de\/115316314385262351","error":""},"_links":{"self":[{"href":"https:\/\/www.europesays.com\/de\/wp-json\/wp\/v2\/posts\/472721","targetHints":{"allow":["GET"]}}],"collection":[{"href":"https:\/\/www.europesays.com\/de\/wp-json\/wp\/v2\/posts"}],"about":[{"href":"https:\/\/www.europesays.com\/de\/wp-json\/wp\/v2\/types\/post"}],"author":[{"embeddable":true,"href":"https:\/\/www.europesays.com\/de\/wp-json\/wp\/v2\/users\/2"}],"replies":[{"embeddable":true,"href":"https:\/\/www.europesays.com\/de\/wp-json\/wp\/v2\/comments?post=472721"}],"version-history":[{"count":0,"href":"https:\/\/www.europesays.com\/de\/wp-json\/wp\/v2\/posts\/472721\/revisions"}],"wp:featuredmedia":[{"embeddable":true,"href":"https:\/\/www.europesays.com\/de\/wp-json\/wp\/v2\/media\/472722"}],"wp:attachment":[{"href":"https:\/\/www.europesays.com\/de\/wp-json\/wp\/v2\/media?parent=472721"}],"wp:term":[{"taxonomy":"category","embeddable":true,"href":"https:\/\/www.europesays.com\/de\/wp-json\/wp\/v2\/categories?post=472721"},{"taxonomy":"post_tag","embeddable":true,"href":"https:\/\/www.europesays.com\/de\/wp-json\/wp\/v2\/tags?post=472721"}],"curies":[{"name":"wp","href":"https:\/\/api.w.org\/{rel}","templated":true}]}}