{"id":472821,"date":"2025-10-04T15:08:28","date_gmt":"2025-10-04T15:08:28","guid":{"rendered":"https:\/\/www.europesays.com\/de\/472821\/"},"modified":"2025-10-04T15:08:28","modified_gmt":"2025-10-04T15:08:28","slug":"jetzt-im-liveticker-jetzt-im-liveticker-energie-cottbus-will-hoehenflug-gegen-aachen-fortsetzen","status":"publish","type":"post","link":"https:\/\/www.europesays.com\/de\/472821\/","title":{"rendered":"Jetzt im Liveticker: Jetzt im Liveticker: Energie Cottbus will H\u00f6henflug gegen Aachen fortsetzen"},"content":{"rendered":"<p class=\"metatextline\">Stand: 04.10.2025 16:51 Uhr<\/p>\n<p class=\"textabsatz columns twelve  m-ten  m-offset-one l-eight l-offset-two\">\n        <strong>Aus den letzten sechs Drittliga-Partien hat Energie Cottbus nur ein Spiel verloren. Nun empfangen die Lausitzer das sportlich schlingernde Alemannia Aachen. In der Starformation: der Cottbuser Topscorer und frischgebackene Vater Tolcay Cigerci.<\/strong>\n    <\/p>\n<p class=\"textabsatz m-ten m-offset-one l-eight l-offset-two columns twelve\">Am zehnten Spieltag der Dritten Liga empfangen die Fu\u00dfballer von Energie Cottbus am Samstagnachmittag Alemannia Aachen. Die Mannschaft von Claus-Dieter Wollitz k\u00f6nnte sich mit einem Sieg in der Spitzengruppe der Liga festsetzen.<br \/>\u00a0<br \/>F\u00fcr Aachen geht es eher darum, nicht den Anschluss ans Mittelfeld der Tabelle zu verlieren.<\/p>\n<p>            <img loading=\"lazy\" decoding=\"async\" class=\"ts-image\" src=\"https:\/\/www.europesays.com\/de\/wp-content\/uploads\/2025\/10\/1759590508_891_rbb-audio-antenne-brandenburg-02-10-2025-o-ton-claus-dieter-wollitz-100.jpg\" alt=\"Cottbus-Offensivspieler Tolcay Cigerci bejubelt einen Treffer. \/ imago images\/Steffen Beyer\" title=\"Audio: Antenne Brandenburg | 02.10.2025 | O-Ton Claus-Dieter Wollitz | imago images\/Steffen Beyer\"\/><\/p>\n<p>Verhindert Baby Cigerci Papas Einsatz?<\/p>\n<p>            Energie Cottbus rockt weiter die 3. Fu\u00dfball-Liga. Nach dem Ausw\u00e4rtssieg in Rostock kommt nun Alemannia Aachen in die Lausitz. Doch ausgerechnet der wichtigste Mann k\u00f6nnte am Samstag fehlen. Von Andreas Friebel<a href=\"https:\/\/www.rbb24.de\/sport\/beitrag\/2025\/10\/fussball-dritte-liga-energie-cottbus-alemannia-aache-cigerci-vorbericht.html\" title=\"mehr\" class=\"textlink--extern\" target=\"_blank\" rel=\"noopener\">mehr<\/a><\/p>\n<p>    Cigerci startet gegen Aachen<\/p>\n<p class=\"textabsatz m-ten m-offset-one l-eight l-offset-two columns twelve\">Topscorer Tolcay Cigergi (f\u00fcnf Treffer, f\u00fcnf Vorlagen) wird dabei erneut f\u00fcr die Cottbuser auflaufen. Am Freitag wurde der Offensivspieler Vater eines Sohnes.<br \/>\u00a0<br \/>Die Cottbuser Startelf: Funk \u2013 Rorig, Manu, Awortwie-Grant, Lucoqui \u2013 Pelivan \u2013 Boziaris, Cigerci, Borgmann \u2013 Tattermusch, Engelhardt<br \/>\u00a0<br \/>Die Aachener Startelf: Olschowsky \u2013 Wegmann, da Silva Kiala, Meyer \u2013 Scepanik, Ademi, Bahn, Strujic \u2013 Sroers, Gindorf \u2013 Elekwa<\/p>\n<p class=\"textabsatz m-ten m-offset-one l-eight l-offset-two columns twelve\">Sendung: Antenne Brandenburg, 04.10.25, 16:30 Uhr<\/p>\n<p>                                        <a class=\"backlink__link\" href=\"https:\/\/www.rbb24.de\/sport\/beitrag\/2025\/10\/fussball-brandenburg-energie-cottbus-dritte-liga-alemannia-aachen.html\" target=\"_blank\" rel=\"noopener\"><\/p>\n<p>                                                <img decoding=\"async\" src=\"https:\/\/images.sportschau.de\/image\/898f19c3-6760-4be2-a33f-1fa765216ec2\/AAABlap_olM\/AAABmKJi16M\/original\/lra-rbb-logo-100.svg\" alt=\"Rundfunk Berlin-Brandenburg\"\/><\/p>\n<p>                                        <\/a><\/p>\n","protected":false},"excerpt":{"rendered":"Stand: 04.10.2025 16:51 Uhr Aus den letzten sechs Drittliga-Partien hat Energie Cottbus nur ein Spiel verloren. Nun empfangen&hellip;\n","protected":false},"author":2,"featured_media":472822,"comment_status":"","ping_status":"","sticky":false,"template":"","format":"standard","meta":{"footnotes":""},"categories":[1853],"tags":[1424,1890,8432,3364,29,5952,548,663,3934,347,30,13,14,15,1209,2239,12,265],"class_list":{"0":"post-472821","1":"post","2":"type-post","3":"status-publish","4":"format-standard","5":"has-post-thumbnail","7":"category-aachen","8":"tag-aachen","9":"tag-brandenburg","10":"tag-cottbus","11":"tag-de","12":"tag-deutschland","13":"tag-energie-cottbus","14":"tag-eu","15":"tag-europa","16":"tag-europe","17":"tag-fussball","18":"tag-germany","19":"tag-headlines","20":"tag-nachrichten","21":"tag-news","22":"tag-nordrhein-westfalen","23":"tag-rbb","24":"tag-schlagzeilen","25":"tag-sport"},"share_on_mastodon":{"url":"https:\/\/pubeurope.com\/@de\/115316530386500137","error":""},"_links":{"self":[{"href":"https:\/\/www.europesays.com\/de\/wp-json\/wp\/v2\/posts\/472821","targetHints":{"allow":["GET"]}}],"collection":[{"href":"https:\/\/www.europesays.com\/de\/wp-json\/wp\/v2\/posts"}],"about":[{"href":"https:\/\/www.europesays.com\/de\/wp-json\/wp\/v2\/types\/post"}],"author":[{"embeddable":true,"href":"https:\/\/www.europesays.com\/de\/wp-json\/wp\/v2\/users\/2"}],"replies":[{"embeddable":true,"href":"https:\/\/www.europesays.com\/de\/wp-json\/wp\/v2\/comments?post=472821"}],"version-history":[{"count":0,"href":"https:\/\/www.europesays.com\/de\/wp-json\/wp\/v2\/posts\/472821\/revisions"}],"wp:featuredmedia":[{"embeddable":true,"href":"https:\/\/www.europesays.com\/de\/wp-json\/wp\/v2\/media\/472822"}],"wp:attachment":[{"href":"https:\/\/www.europesays.com\/de\/wp-json\/wp\/v2\/media?parent=472821"}],"wp:term":[{"taxonomy":"category","embeddable":true,"href":"https:\/\/www.europesays.com\/de\/wp-json\/wp\/v2\/categories?post=472821"},{"taxonomy":"post_tag","embeddable":true,"href":"https:\/\/www.europesays.com\/de\/wp-json\/wp\/v2\/tags?post=472821"}],"curies":[{"name":"wp","href":"https:\/\/api.w.org\/{rel}","templated":true}]}}