{"id":472896,"date":"2025-10-04T15:52:10","date_gmt":"2025-10-04T15:52:10","guid":{"rendered":"https:\/\/www.europesays.com\/de\/472896\/"},"modified":"2025-10-04T15:52:10","modified_gmt":"2025-10-04T15:52:10","slug":"essen-neue-plaene-fuer-den-ruhrturm","status":"publish","type":"post","link":"https:\/\/www.europesays.com\/de\/472896\/","title":{"rendered":"Essen: Neue Pl\u00e4ne f\u00fcr den Ruhrturm"},"content":{"rendered":"<p>Hochhaus in Essen wird modernisiert<\/p>\n<p>Dem Ruhrturm in Essen-Huttrop soll neues Leben eingehaucht werden. Das auff\u00e4llige, aber in die Jahre gekommene, Hochhaus an der Ruhrallee geh\u00f6rt jetzt einer Projektentwicklerfirma aus Bingen, der P-Touch-Gruppe. Die m\u00f6chte den Ruhrturm komplett umgestalten. Nicht nur das \u00c4u\u00dfere soll modernisiert werden. Auch im Inneren soll es weniger B\u00fcros, daf\u00fcr mehr kleine Wohnungen, einen Kindergarten, ein medizinisches Versorgungszentrum und Gastronomie geben. Der Ruhrturm ist 1972 als Zentrale der Ruhrgas AG gebaut worden. Er ist 61 Meter hoch, hat 15 Etagen und insgesamt 22.000 Quadratmeter Nutzfl\u00e4che. Zuletzt geh\u00f6rte er der Fakt AG, die vor drei Jahren pleite gegangen ist.<\/p>\n<p>Mehr Nachrichten aus Essen<\/p>\n","protected":false},"excerpt":{"rendered":"Hochhaus in Essen wird modernisiert Dem Ruhrturm in Essen-Huttrop soll neues Leben eingehaucht werden. Das auff\u00e4llige, aber in&hellip;\n","protected":false},"author":2,"featured_media":472897,"comment_status":"","ping_status":"","sticky":false,"template":"","format":"standard","meta":{"footnotes":"","_share_on_mastodon":"0"},"categories":[1834],"tags":[66677,3275,87970,120226,3364,29,3688,30,2744,1209],"class_list":["post-472896","post","type-post","status-publish","format-standard","has-post-thumbnail","category-essen","tag-huttrop","tag-lokalnachrichten","tag-ruhrallee","tag-ruhrturm","tag-de","tag-deutschland","tag-essen","tag-germany","tag-hochhaus","tag-nordrhein-westfalen"],"share_on_mastodon":{"url":"https:\/\/pubeurope.com\/@de\/115316702907763542","error":""},"_links":{"self":[{"href":"https:\/\/www.europesays.com\/de\/wp-json\/wp\/v2\/posts\/472896","targetHints":{"allow":["GET"]}}],"collection":[{"href":"https:\/\/www.europesays.com\/de\/wp-json\/wp\/v2\/posts"}],"about":[{"href":"https:\/\/www.europesays.com\/de\/wp-json\/wp\/v2\/types\/post"}],"author":[{"embeddable":true,"href":"https:\/\/www.europesays.com\/de\/wp-json\/wp\/v2\/users\/2"}],"replies":[{"embeddable":true,"href":"https:\/\/www.europesays.com\/de\/wp-json\/wp\/v2\/comments?post=472896"}],"version-history":[{"count":0,"href":"https:\/\/www.europesays.com\/de\/wp-json\/wp\/v2\/posts\/472896\/revisions"}],"wp:featuredmedia":[{"embeddable":true,"href":"https:\/\/www.europesays.com\/de\/wp-json\/wp\/v2\/media\/472897"}],"wp:attachment":[{"href":"https:\/\/www.europesays.com\/de\/wp-json\/wp\/v2\/media?parent=472896"}],"wp:term":[{"taxonomy":"category","embeddable":true,"href":"https:\/\/www.europesays.com\/de\/wp-json\/wp\/v2\/categories?post=472896"},{"taxonomy":"post_tag","embeddable":true,"href":"https:\/\/www.europesays.com\/de\/wp-json\/wp\/v2\/tags?post=472896"}],"curies":[{"name":"wp","href":"https:\/\/api.w.org\/{rel}","templated":true}]}}