{"id":472975,"date":"2025-10-04T16:35:14","date_gmt":"2025-10-04T16:35:14","guid":{"rendered":"https:\/\/www.europesays.com\/de\/472975\/"},"modified":"2025-10-04T16:35:14","modified_gmt":"2025-10-04T16:35:14","slug":"historisch-borussia-moenchengladbach-drohen-zwei-negativ-rekorde","status":"publish","type":"post","link":"https:\/\/www.europesays.com\/de\/472975\/","title":{"rendered":"Historisch: Borussia M\u00f6nchengladbach drohen zwei Negativ-Rekorde!"},"content":{"rendered":"<p>  <img decoding=\"async\" width=\"340\" height=\"142\" class=\"dm-figure__image\" loading=\"lazy\"   src=\"https:\/\/www.europesays.com\/de\/wp-content\/uploads\/2025\/10\/d49e485f-8a6e-47cc-818e-1cb7de085877.jpeg\" alt=\"Eugen Polanski erkl\u00e4rt Niklas Swider und Rocco Reitz etwas im Training.\"\/><\/p>\n<p class=\"dm-figure__caption\">Eugen Polanski muss seine Mannschaft unter schwierigen Vorzeichen auf das Freiburg-Spiel einstimmen.<\/p>\n<p class=\"dm-figure__copyright\">Copyright: IMAGO\/Kirchner-Media<\/p>\n<p class=\"dm-paragraph\">Bei Borussia M\u00f6nchengladbach geht die Angst um. Vor der L\u00e4nderspielpause muss gegen den SC Freiburg unbedingt ein Sieg her.<\/p>\n<p class=\"dm-paragraph\">Sonst wird nicht nur die Lage der Fohlen richtig bedrohlich. Es w\u00fcrde auch einen doppelten Eintrag in die Geschichtsb\u00fccher vermeiden, den die Gladbacher nur allzu gerne vermeiden w\u00fcrden.<\/p>\n<p>Polanski: \u201eKonnten vern\u00fcnftig und gut arbeiten\u201c<\/p>\n<p class=\"dm-paragraph\">Ohne Sportchef und mit einem Interimscoach mit ungewisser Zukunft pr\u00e4sentiert sich der f\u00fcnfmalige deutsche Meister in seiner 59. Bundesliga-Saison aktuell in einem katastrophalen Zustand. Erstmals seit zehn Jahren geht die seit saison\u00fcbergreifend zw\u00f6lf Spielen sieglose Borussia als Tabellenletzter in einen Bundesliga-Spieltag.<\/p>\n<p class=\"dm-paragraph\">Der <a target=\"_blank\" href=\"https:\/\/www.gladbachlive.de\/news\/gladbach-eugen-polanski-bekommt-mehrere-endspiele-undankbares-finale-1121336\" data-tracking=\"in-article\" rel=\"nofollow noopener\">\u201eBis-auf-Weiteres-Coach\u201c Eugen Polanski<\/a> gibt sich vor seinem dritten Auftritt als Borussen-\u00dcbungsleiter am Sonntag (19.30 Uhr\/DAZN) gegen den SC Freiburg trotzdem entspannt. \u201eWir hatten einen sehr guten Fokus. Wir konnten schon vern\u00fcnftig und gut arbeiten, trotz der Situation\u201c, meinte der 39-J\u00e4hrige.<\/p>\n<p class=\"dm-paragraph\">Dabei ist unklar, ob der eigentliche Regionalligacoach des Clubs auch nach der L\u00e4nderspielpause bei den Profis weitermachen darf. Der Druck ist nicht nur nach dem k\u00fcmmerlichen Auftritt beim 4:6 nach 0:6-R\u00fcckstand am vergangenen Samstag gegen Eintracht Frankfurt gro\u00df.<\/p>\n<p>Empfohlener redaktioneller Inhalt <\/p>\n<p class=\"dm-switch__text\">\n         An dieser Stelle finden Sie einen relevanten Inhalt der externen Plattform Glomex, der den Artikel erg\u00e4nzt. Sie k\u00f6nnen ihn sich einfach mit einem Klick anzeigen lassen und auch wieder ausblenden.\n      <\/p>\n<p>         Ich bin damit einverstanden, dass mir externe Inhalte der externen Plattform Glomex angezeigt werden. Dabei k\u00f6nnen personenbezogene Daten an Drittplattformen \u00fcbermittelt werden. Mehr dazu in unserer <a href=\"https:\/\/www.express.de\/datenschutz\/datenschutzerklaerung-29820812\" target=\"_blank\" rel=\"nofollow noopener\">Datenschutzerkl\u00e4rung<\/a>.<\/p>\n<p class=\"dm-paragraph\">\u201eWir haben Sachen klar benannt, die wir so nie wieder sehen wollen\u201c, sagte Polanski, dem allerdings wichtige Spieler weiterhin fehlen: In Tim Kleindienst, Robin Hack, Franck Honorat und Giovanni Reyna mehr als eine komplette Angriffsformation.<\/p>\n<p class=\"dm-paragraph\">Gelingt gegen Freiburg nicht endlich ein Sieg, k\u00f6nnten zwei Negativrekorde in der 125-j\u00e4hrigen Klubhistorie feststehen: 13 sieglose Erstligaspiele am St\u00fcck gab es noch nie. Setzt es die vierte Niederlage in Serie gegen Freiburg, st\u00fcnde gar der schlechteste Gladbacher Bundesligastart \u00fcberhaupt fest.<\/p>\n<p class=\"dm-paragraph\">Sechs Bundesligaspiele ohne einen Sieg zum Saisonstart \u2013 das gab es zuletzt vor 35 Jahren. All diese Horrorstatistiken belegen, wie prek\u00e4r die Lage nur wenige Wochen nach der glanzvollen Party zum Jubil\u00e4um des ruhmreichen Klubs ist.<\/p>\n<p class=\"dm-paragraph\">Im August war Vereins-Ikone Rainer Bonhof noch stolz auf seine Borussia und begr\u00fc\u00dfte jede Menge Fu\u00dfball-Prominenz zur zweit\u00e4gigen Fete. Doch die Feierlaune ist den Borussen l\u00e4ngst vergangen. (are\/dpa)<\/p>\n","protected":false},"excerpt":{"rendered":"Eugen Polanski muss seine Mannschaft unter schwierigen Vorzeichen auf das Freiburg-Spiel einstimmen. Copyright: IMAGO\/Kirchner-Media Bei Borussia M\u00f6nchengladbach geht&hellip;\n","protected":false},"author":2,"featured_media":472976,"comment_status":"","ping_status":"","sticky":false,"template":"","format":"standard","meta":{"footnotes":""},"categories":[1849],"tags":[3364,29,548,663,3934,30,13,4455,14,15,1209,12],"class_list":{"0":"post-472975","1":"post","2":"type-post","3":"status-publish","4":"format-standard","5":"has-post-thumbnail","7":"category-moenchengladbach","8":"tag-de","9":"tag-deutschland","10":"tag-eu","11":"tag-europa","12":"tag-europe","13":"tag-germany","14":"tag-headlines","15":"tag-moenchengladbach","16":"tag-nachrichten","17":"tag-news","18":"tag-nordrhein-westfalen","19":"tag-schlagzeilen"},"share_on_mastodon":{"url":"https:\/\/pubeurope.com\/@de\/115316872332168766","error":""},"_links":{"self":[{"href":"https:\/\/www.europesays.com\/de\/wp-json\/wp\/v2\/posts\/472975","targetHints":{"allow":["GET"]}}],"collection":[{"href":"https:\/\/www.europesays.com\/de\/wp-json\/wp\/v2\/posts"}],"about":[{"href":"https:\/\/www.europesays.com\/de\/wp-json\/wp\/v2\/types\/post"}],"author":[{"embeddable":true,"href":"https:\/\/www.europesays.com\/de\/wp-json\/wp\/v2\/users\/2"}],"replies":[{"embeddable":true,"href":"https:\/\/www.europesays.com\/de\/wp-json\/wp\/v2\/comments?post=472975"}],"version-history":[{"count":0,"href":"https:\/\/www.europesays.com\/de\/wp-json\/wp\/v2\/posts\/472975\/revisions"}],"wp:featuredmedia":[{"embeddable":true,"href":"https:\/\/www.europesays.com\/de\/wp-json\/wp\/v2\/media\/472976"}],"wp:attachment":[{"href":"https:\/\/www.europesays.com\/de\/wp-json\/wp\/v2\/media?parent=472975"}],"wp:term":[{"taxonomy":"category","embeddable":true,"href":"https:\/\/www.europesays.com\/de\/wp-json\/wp\/v2\/categories?post=472975"},{"taxonomy":"post_tag","embeddable":true,"href":"https:\/\/www.europesays.com\/de\/wp-json\/wp\/v2\/tags?post=472975"}],"curies":[{"name":"wp","href":"https:\/\/api.w.org\/{rel}","templated":true}]}}