{"id":473506,"date":"2025-10-04T21:51:13","date_gmt":"2025-10-04T21:51:13","guid":{"rendered":"https:\/\/www.europesays.com\/de\/473506\/"},"modified":"2025-10-04T21:51:13","modified_gmt":"2025-10-04T21:51:13","slug":"wow-look-in-weiss-herzogin-meghan-ueberrascht-mit-auftritt-bei-pariser-fashion-week","status":"publish","type":"post","link":"https:\/\/www.europesays.com\/de\/473506\/","title":{"rendered":"Wow-Look in wei\u00df: Herzogin Meghan \u00fcberrascht mit Auftritt bei Pariser Fashion Week"},"content":{"rendered":"<p>Herzogin Meghan ist in Europa. Die Frau von Prinz Harry \u00fcberrascht mit einem Auftritt auf der Pariser Fashion Week.<\/p>\n<p>Damit hat wohl niemand gerechnet. <a href=\"https:\/\/www.focus.de\/kultur\/royals\/herzogin-meghan-wird-44-jahre-alt-zwischen-royals-hollywood-und-neuanfang_4a7ecf1c-679f-49e1-9400-03191a6203ce.html\" rel=\"follow nofollow noopener\" target=\"_self\">Herzogin Meghan<\/a>, die in Los Angeles lebt, legt einen Auftritt bei der Fashion Week in Paris hin. Es ist das erste Mal, dass die ehemalige &#8222;Suits&#8220;-Darstellerin bei dem Mode-Event in der Stadt der Liebe dabei ist. Von Harry fehlt allerdings jede Spur.<\/p>\n<p>Herzogin Meghan legt Wow-Auftritt in Wei\u00df hin<\/p>\n<p><a href=\"https:\/\/www.focus.de\/kultur\/royals\/privatvideo-zeigt-herzogin-meghan-kurz-vor-geburt-beim-tanzen_3c0ebe93-36af-4aba-b9d0-a4b78f241034.html\" rel=\"follow nofollow noopener\" target=\"_self\">Herzogin Meghan, die sich vor Kurzem beim Twerken zeigte<\/a>, ist bei der Deb\u00fct-Show von Designer Pierpaolo Piccioli f\u00fcr Balenciaga zu Gast. Die Duchess of Sussex erschien am Samstag (4. Oktober) zur Show und zog in einem wei\u00dfen Oversize-Cape \u00fcber einem passenden Hemd mit Kn\u00f6pfen alle Blicke auf sich. Sie rundete den Look mit schwarzen High Heels, schlichten Accessoires und einem perfekt gestylten Dutt ab.<\/p>\n<p>ANZEIGE<img decoding=\"async\" data-hk=\"00a1042120a19140302010\" loading=\"lazy\"  src=\"https:\/\/www.europesays.com\/de\/wp-content\/uploads\/2025\/10\/dee9547a-9369-47f3-b70a-d6a091761065.d9a5989c-c181-4496-a859-e123a260edbe.png\"  alt=\"Prinz Harry und Herzogin Meghan leben mit ihren beiden Kindern inzwischen in den USA\" width=\"1085\" height=\"720\"\/> Prinz Harry und Herzogin Meghan leben mit ihren beiden Kindern seit 2020 in den USA.   IMAGO \/ ZUMA Press Wire Meghan war in New York sehr modebegeistert<\/p>\n<p>Dass Meghan Freude an Mode hat, ist kein Geheimnis. Vor ihren Tagen als Gattin von <a href=\"https:\/\/www.focus.de\/kultur\/royals\/vom-partyprinzen-zum-familienvater-die-wichtigsten-infos-ueber-prinz-harry-auf-einen-blick_id_259805787.html\" rel=\"follow nofollow noopener\" target=\"_self\">Prinz Harry<\/a> besuchte sie regelm\u00e4\u00dfig die Fashion Weeks in New York City. Seit ihrer Heirat ins britische K\u00f6nigshaus und dem &#8222;Megxit&#8220; \u2013 ihrem und Harrys R\u00fcckzug von den k\u00f6niglichen Pflichten \u2013 im Jahr 2020 hatte sie sich weitgehend aus der Modewelt zur\u00fcckgezogen, um sich mehr philanthropischen Aufgaben zu widmen.<\/p>\n","protected":false},"excerpt":{"rendered":"Herzogin Meghan ist in Europa. Die Frau von Prinz Harry \u00fcberrascht mit einem Auftritt auf der Pariser Fashion&hellip;\n","protected":false},"author":2,"featured_media":473507,"comment_status":"","ping_status":"","sticky":false,"template":"","format":"standard","meta":{"footnotes":""},"categories":[1776],"tags":[1801,29,214,30,1802,215],"class_list":{"0":"post-473506","1":"post","2":"type-post","3":"status-publish","4":"format-standard","5":"has-post-thumbnail","7":"category-prominente","8":"tag-celebrities","9":"tag-deutschland","10":"tag-entertainment","11":"tag-germany","12":"tag-prominente","13":"tag-unterhaltung"},"share_on_mastodon":{"url":"https:\/\/pubeurope.com\/@de\/115318114481217265","error":""},"_links":{"self":[{"href":"https:\/\/www.europesays.com\/de\/wp-json\/wp\/v2\/posts\/473506","targetHints":{"allow":["GET"]}}],"collection":[{"href":"https:\/\/www.europesays.com\/de\/wp-json\/wp\/v2\/posts"}],"about":[{"href":"https:\/\/www.europesays.com\/de\/wp-json\/wp\/v2\/types\/post"}],"author":[{"embeddable":true,"href":"https:\/\/www.europesays.com\/de\/wp-json\/wp\/v2\/users\/2"}],"replies":[{"embeddable":true,"href":"https:\/\/www.europesays.com\/de\/wp-json\/wp\/v2\/comments?post=473506"}],"version-history":[{"count":0,"href":"https:\/\/www.europesays.com\/de\/wp-json\/wp\/v2\/posts\/473506\/revisions"}],"wp:featuredmedia":[{"embeddable":true,"href":"https:\/\/www.europesays.com\/de\/wp-json\/wp\/v2\/media\/473507"}],"wp:attachment":[{"href":"https:\/\/www.europesays.com\/de\/wp-json\/wp\/v2\/media?parent=473506"}],"wp:term":[{"taxonomy":"category","embeddable":true,"href":"https:\/\/www.europesays.com\/de\/wp-json\/wp\/v2\/categories?post=473506"},{"taxonomy":"post_tag","embeddable":true,"href":"https:\/\/www.europesays.com\/de\/wp-json\/wp\/v2\/tags?post=473506"}],"curies":[{"name":"wp","href":"https:\/\/api.w.org\/{rel}","templated":true}]}}