{"id":473599,"date":"2025-10-04T22:50:12","date_gmt":"2025-10-04T22:50:12","guid":{"rendered":"https:\/\/www.europesays.com\/de\/473599\/"},"modified":"2025-10-04T22:50:12","modified_gmt":"2025-10-04T22:50:12","slug":"was-hat-in-bremen-gefehlt-st-paulis-smith-hat-simple-antwort","status":"publish","type":"post","link":"https:\/\/www.europesays.com\/de\/473599\/","title":{"rendered":"Was hat in Bremen gefehlt? St. Paulis Smith hat simple Antwort"},"content":{"rendered":"<p>Besonders schwer fiel es Eric Smith nach dem 0:1 in Bremen nicht, den Grund f\u00fcr die Niederlage klar zu benennen. Im Gegenteil: F\u00fcr die Antwort auf die Frage, was dem FC St. <\/p>\n<p> Pauli in Bremen gefehlt hat, ben\u00f6tigte der Schwede nur zwei Worte: \u201eEin Tor. Einfach zu sagen, aber die Wahrheit.\u201c Smith f\u00fchrte aus: \u201eWir m\u00fcssen aufs Tor schie\u00dfen und ein Tor machen. Wir haben nicht genug gef\u00e4hrliche Chancen kreiert, um ein Tor zu erzielen. Sie haben nat\u00fcrlich einige Chancen in der zweiten Halbzeit, als wir versuchen ein Tor zu machen, das ist normal. Ansonsten hatten sie auch nicht so viele Chancen \u2013 aber sie haben ein Tor gemacht.\u201c Selbst ohne Tor h\u00e4tte St. Pauli einen Z\u00e4hler mitgenommen, h\u00e4tte man sich nicht schon in der 2. Minute den Gegentreffer gefangen. \u00c4rgerlich, wie Smith findet: \u201eWir haben viel \u00fcber den Raum gesprochen, aus dem sie getroffen haben, aber leider waren wir nicht in der Lage, in der richtigen Position zu sein.\u201c<\/p>\n","protected":false},"excerpt":{"rendered":"Besonders schwer fiel es Eric Smith nach dem 0:1 in Bremen nicht, den Grund f\u00fcr die Niederlage klar&hellip;\n","protected":false},"author":2,"featured_media":422224,"comment_status":"","ping_status":"","sticky":false,"template":"","format":"standard","meta":{"footnotes":""},"categories":[1824],"tags":[2420,3364,29,44795,30,17781,2365],"class_list":{"0":"post-473599","1":"post","2":"type-post","3":"status-publish","4":"format-standard","5":"has-post-thumbnail","7":"category-bremen","8":"tag-bremen","9":"tag-de","10":"tag-deutschland","11":"tag-eric-smith","12":"tag-germany","13":"tag-niederlage","14":"tag-sv-werder-bremen"},"share_on_mastodon":{"url":"https:\/\/pubeurope.com\/@de\/115318346535701073","error":""},"_links":{"self":[{"href":"https:\/\/www.europesays.com\/de\/wp-json\/wp\/v2\/posts\/473599","targetHints":{"allow":["GET"]}}],"collection":[{"href":"https:\/\/www.europesays.com\/de\/wp-json\/wp\/v2\/posts"}],"about":[{"href":"https:\/\/www.europesays.com\/de\/wp-json\/wp\/v2\/types\/post"}],"author":[{"embeddable":true,"href":"https:\/\/www.europesays.com\/de\/wp-json\/wp\/v2\/users\/2"}],"replies":[{"embeddable":true,"href":"https:\/\/www.europesays.com\/de\/wp-json\/wp\/v2\/comments?post=473599"}],"version-history":[{"count":0,"href":"https:\/\/www.europesays.com\/de\/wp-json\/wp\/v2\/posts\/473599\/revisions"}],"wp:featuredmedia":[{"embeddable":true,"href":"https:\/\/www.europesays.com\/de\/wp-json\/wp\/v2\/media\/422224"}],"wp:attachment":[{"href":"https:\/\/www.europesays.com\/de\/wp-json\/wp\/v2\/media?parent=473599"}],"wp:term":[{"taxonomy":"category","embeddable":true,"href":"https:\/\/www.europesays.com\/de\/wp-json\/wp\/v2\/categories?post=473599"},{"taxonomy":"post_tag","embeddable":true,"href":"https:\/\/www.europesays.com\/de\/wp-json\/wp\/v2\/tags?post=473599"}],"curies":[{"name":"wp","href":"https:\/\/api.w.org\/{rel}","templated":true}]}}