{"id":473644,"date":"2025-10-04T23:14:11","date_gmt":"2025-10-04T23:14:11","guid":{"rendered":"https:\/\/www.europesays.com\/de\/473644\/"},"modified":"2025-10-04T23:14:11","modified_gmt":"2025-10-04T23:14:11","slug":"krawall-auch-in-rom-und-berlin-442-festnahmen-bei-pro-palaestina-protest-in-london","status":"publish","type":"post","link":"https:\/\/www.europesays.com\/de\/473644\/","title":{"rendered":"Krawall auch in Rom und Berlin: 442 Festnahmen bei Pro-Pal\u00e4stina-Protest in London"},"content":{"rendered":"<p>                    Krawall auch in Rom und Berlin<br \/>\n                442 Festnahmen bei Pro-Pal\u00e4stina-Protest in London<\/p>\n<p>\t\t\t\t              05.10.2025, 00:13 Uhr<\/p>\n<p>\t\t\t\t\t       Artikel anh\u00f6ren<\/p>\n<p>\t\t\t\t\t\t\tDiese Audioversion wurde k\u00fcnstlich generiert. <a href=\"https:\/\/www.n-tv.de\/23249898\" target=\"_blank\" rel=\"noopener\">Mehr Infos<\/a><\/p>\n<p><strong>Nach dem blutigen Angriff auf eine Synagoge in Manchester bittet der britische Premier um eine Pause bei den Gaza-Demonstrationen. In London l\u00e4uft eine Kundgebung f\u00fcr eine militante pro-pal\u00e4stinensische Gruppe aus dem Ruder. Auch in Rom und Berlin kommt es zu Gewalt. <\/strong><\/p>\n<p>Die Londoner Polizei hat Hunderte Teilnehmer einer Demonstration zur Unterst\u00fctzung einer verbotenen pro-pal\u00e4stinensischen Gruppe festgenommen. Es habe 442 Festnahmen gegeben, teilte die Polizei mit. Nach einem t\u00f6dlichen Angriff auf eine Synagoge in Manchester am Donnerstag hatten Regierung und Polizei die Organisatoren darum gebeten, die Demonstration abzusagen. Die Versammlung auf dem Trafalgar Square im Zentrum Londons richtete sich gegen das Verbot der pro-pal\u00e4stinensischen Gruppe Palestine Action. Sie war im Juli nach dem britischen Anti-Terror-Gesetz verboten worden, nachdem Angeh\u00f6rige der Gruppe in einen Luftwaffenst\u00fctzpunkt eingebrochen waren und Milit\u00e4rflugzeuge besch\u00e4digt hatten.<\/p>\n<p>Bei dem Angriff auf eine Synagoge in Manchester hatte ein Brite syrischer Abstammung zwei Menschen get\u00f6tet und war von der Polizei erschossen worden. &#8222;Ich fordere jeden, der an diesem Wochenende protestieren will, auf, die Trauer der britischen Juden anzuerkennen und zu respektieren&#8220;, erkl\u00e4rte Premierminister Keir Starmer. &#8222;Es ist nicht die Zeit, Spannungen zu sch\u00fcren und weiteres Leid zu verursachen. Es ist die Zeit, zusammenzustehen.&#8220;<\/p>\n<p>Die Organisatoren der Demonstration vom Samstag, die Gruppe Defend Our Juries, verurteilten die Gewalttat von Manchester. Sie war der j\u00fcngste einer Reihe von antisemitischen und islamfeindlichen Vorf\u00e4llen, zu denen es in den vergangenen Monaten in Gro\u00dfbritannien angesichts des Kriegs zwischen Israel und der Hamas im Gazastreifen gekommen war. Sowohl j\u00fcdische als auch muslimische Gemeinden in Gro\u00dfbritannien haben zuletzt Sorgen um ihre Sicherheit ge\u00e4u\u00dfert. Die Polizei hatte erkl\u00e4rt, die Demonstration in London binde Personal, das eigentlich zum Schutz von Synagogen und Moscheen ben\u00f6tigt werde. <\/p>\n<p>Ausschreitungen in Berlin<\/p>\n<p>Auch in anderen europ\u00e4ischen St\u00e4dten gingen erneut zahlreiche Menschen auf die Stra\u00dfen, um ein Ende des Gazakriegs zu fordern. In der italienischen Hauptstadt Rom nahmen nach Angaben der Polizei Nachmittag 250.000 Menschen an den Protesten teil. Die Organisatoren sprachen von einer Million Demonstranten. Zehntausende Menschen demonstrierten auch in den spanischen Gro\u00dfst\u00e4dten Madrid und Barcelona. Proteste gab es unter anderem auch in Dublin und Paris.<\/p>\n<p>In Berlin kam es nach Angaben der Polizei in den Stadtteilen Neuk\u00f6lln und Kreuzberg bei &#8222;spontanen Versammlungslagen und Demonstrationslagen zum Nahostkonflikt&#8220; zu Ausschreitungen. So seien am Abend Feuerwerksk\u00f6rper abgebrannt und E-Roller auf die Stra\u00dfe geworfen worden, sagte ein Polizeisprecher in einem Online-Video. 14 Menschen seien festgenommen worden, unter anderem wegen des Verdachts des Landfriedensbruchs.<\/p>\n","protected":false},"excerpt":{"rendered":"Krawall auch in Rom und Berlin 442 Festnahmen bei Pro-Pal\u00e4stina-Protest in London 05.10.2025, 00:13 Uhr Artikel anh\u00f6ren Diese&hellip;\n","protected":false},"author":2,"featured_media":473645,"comment_status":"","ping_status":"","sticky":false,"template":"","format":"standard","meta":{"footnotes":""},"categories":[1825],"tags":[296,29,886,30,6052,4036,16,9172,21058],"class_list":{"0":"post-473644","1":"post","2":"type-post","3":"status-publish","4":"format-standard","5":"has-post-thumbnail","7":"category-berlin","8":"tag-berlin","9":"tag-deutschland","10":"tag-festnahmen","11":"tag-germany","12":"tag-krawall","13":"tag-london","14":"tag-politik","15":"tag-pro-palaestina-protest","16":"tag-rom"},"share_on_mastodon":{"url":"https:\/\/pubeurope.com\/@de\/115318441036468916","error":""},"_links":{"self":[{"href":"https:\/\/www.europesays.com\/de\/wp-json\/wp\/v2\/posts\/473644","targetHints":{"allow":["GET"]}}],"collection":[{"href":"https:\/\/www.europesays.com\/de\/wp-json\/wp\/v2\/posts"}],"about":[{"href":"https:\/\/www.europesays.com\/de\/wp-json\/wp\/v2\/types\/post"}],"author":[{"embeddable":true,"href":"https:\/\/www.europesays.com\/de\/wp-json\/wp\/v2\/users\/2"}],"replies":[{"embeddable":true,"href":"https:\/\/www.europesays.com\/de\/wp-json\/wp\/v2\/comments?post=473644"}],"version-history":[{"count":0,"href":"https:\/\/www.europesays.com\/de\/wp-json\/wp\/v2\/posts\/473644\/revisions"}],"wp:featuredmedia":[{"embeddable":true,"href":"https:\/\/www.europesays.com\/de\/wp-json\/wp\/v2\/media\/473645"}],"wp:attachment":[{"href":"https:\/\/www.europesays.com\/de\/wp-json\/wp\/v2\/media?parent=473644"}],"wp:term":[{"taxonomy":"category","embeddable":true,"href":"https:\/\/www.europesays.com\/de\/wp-json\/wp\/v2\/categories?post=473644"},{"taxonomy":"post_tag","embeddable":true,"href":"https:\/\/www.europesays.com\/de\/wp-json\/wp\/v2\/tags?post=473644"}],"curies":[{"name":"wp","href":"https:\/\/api.w.org\/{rel}","templated":true}]}}