{"id":473806,"date":"2025-10-05T01:00:20","date_gmt":"2025-10-05T01:00:20","guid":{"rendered":"https:\/\/www.europesays.com\/de\/473806\/"},"modified":"2025-10-05T01:00:20","modified_gmt":"2025-10-05T01:00:20","slug":"neue-strassensperrungen-in-chemnitz-zwickau-mittelsachsen-und-im-erzgebirge","status":"publish","type":"post","link":"https:\/\/www.europesays.com\/de\/473806\/","title":{"rendered":"Neue Stra\u00dfensperrungen in Chemnitz, Zwickau, Mittelsachsen und im Erzgebirge"},"content":{"rendered":"<p>\t\t\tBaustellen zum Ferienbeginn: Neue Stra\u00dfensperrungen in Chemnitz, Zwickau, Mittelsachsen und im Erzgebirge<br \/>\n\t\t\t\t\t\t\t\t\t\t\t\t<b>Verkehr<\/b> Das Baustellen-Update f\u00fcr S\u00fcdwestsachsen &#8211; Weitere Einschr\u00e4nkungen ab 6. Oktober<\/p>\n<p>\t\t\t\t\t\t\t\t\t\t<img loading=\"lazy\" decoding=\"async\" src=\"https:\/\/www.europesays.com\/de\/wp-content\/uploads\/2025\/04\/rih2_M50x50.png\"  alt=\"Rico Hinkel-Schollbach\" width=\"50\" height=\"50\"\/><\/p>\n<p>\t\t\t\t<a id=\"whatsapp_channel_link\" href=\"https:\/\/whatsapp.com\/channel\/0029Va6RBvnLY6dCNLfeAA0c\" data-ct=\"SHARE\/WHATSAPPKANAL\" rel=\"nofollow noopener\" target=\"_blank\"><br \/>\n\t\t\t\t\t<img decoding=\"async\" alt=\"Zum Blick WhatsApp Kanal\" src=\"https:\/\/www.blick.de\/img\/WhatsApp-Kanal.svg\"\/><br \/>\n\t\t\t\t<\/a><\/p>\n<ul class=\"gallery-items\">\n<li class=\"img gallery-item\">\n<p>\t\t\t\t\t\t\t\t\t\t\t\t\t\t\t\t\t\t\t\t\t\t\t\t\t\t\t\t\t\t\t\t\t\t\t\t\t\t\t\t\t\t\t\t\t\t<img decoding=\"async\" class=\"media-image \" loading=\"eager\" src=\"https:\/\/www.europesays.com\/de\/wp-content\/uploads\/2025\/10\/17357323_W400C2989x1995o273x93.jpg\" alt=\"Baustellen zum Ferienbeginn: Neue Stra\u00dfensperrungen in Chemnitz, Zwickau, Mittelsachsen und im Erzgebirge - P\u00fcnktlich zum Ferienbeginn wird auf den Stra\u00dfen S\u00fcdwestsachsens wieder flei\u00dfig gebaut.\"   style=\"&#10;&#9;&#9;&#9;aspect-ratio:2989\/1995;&#10;&#9;&#9;&#9;background: url(data:image\/jpg;base64,\/9j\/4AAQSkZJRgABAQEBLAEsAAD\/2wBDAAUDBAQEAwUEBAQFBQUGBwwIBwcHBw8LCwkMEQ8SEhEPERETFhwXExQaFRERGCEYGh0dHx8fExciJCIeJBweHx7\/2wBDAQUFBQcGBw4ICA4eFBEUHh4eHh4eHh4eHh4eHh4eHh4eHh4eHh4eHh4eHh4eHh4eHh4eHh4eHh4eHh4eHh4eHh7\/wAARCAAHAAoDASIAAhEBAxEB\/8QAFgABAQEAAAAAAAAAAAAAAAAAAAUG\/8QAHRAAAgIDAQEBAAAAAAAAAAAAAQIDEQAEBVEGMf\/EABUBAQEAAAAAAAAAAAAAAAAAAAME\/8QAHxEAAgECBwAAAAAAAAAAAAAAAQMCABEEEiExQXGR\/9oADAMBAAIRAxEAPwDbnn7fzPLm2+iY4NZQsAnR2klmJNLZu\/0KaoAe5bn5vblmklRYSrsWF7DA0T5WMYClCDZEE6257q5othVzG5Mh5lr\/2Q==) no-repeat left top; background-size: cover;&#9;&#9;&#9;height: 100%;&#9;&#9;\"\/><\/p>\n<p>\n\t\t\t\t\t\t\t\t\tP\u00fcnktlich zum Ferienbeginn wird auf den Stra\u00dfen S\u00fcdwestsachsens wieder flei\u00dfig gebaut. Foto: Adobe Stock\/Wellnhofer Designs\n\t\t\t\t\t\t\t\t<\/p>\n<\/li>\n<\/ul>\n<p>\t\t\t\t\t\t\t\t\t\t\t\t\t\t\t\t\t\t\t\t\t\t\t\t\t\t\t\t\t\t<b class=\"ortsmarke\">Region.<\/b>\u00a0<\/p>\n<p>Mit dem Ferienbeginn m\u00fcssen sich Verkehrsteilnehmer wieder auf neue Einschr\u00e4nkungen einstellen. Das Baustellen-Update f\u00fcr die Regionen gibt es unter dem jeweiligen Link im \u00dcberblick:\u00a0<\/p>\n<p>\t\t\t\t\t\t\t\t\t\t\t\t\t\t\t\t\t\tErzgebirge\u00a0<\/p>\n<p>\n            <a href=\"https:\/\/www.blick.de\/erzgebirge\/baustellen-im-erzgebirge-neue-strassensperrungen-und-umleitungen-zum-ferienbeginn-artikel13978243\" rel=\"nofollow noopener\" target=\"_blank\">Hier geht&#8217;s zu den Stra\u00dfensperrungen im Erzgebirge.<\/a>\n          <\/p>\n<p>\t\t\t\t\t\t\t\t\t\t\t\t\t\t\t\t\t\tChemnitz\u00a0<\/p>\n<p>\n            <a href=\"https:\/\/www.blick.de\/chemnitz\/baustellen-zum-ferienbeginn-in-chemnitz-strassensperrungen-und-umleitungen-im-Ueberblick-artikel13978770\" rel=\"nofollow noopener\" target=\"_blank\">Hier klicken und mehr \u00fcber die Chemnitzer Baustellen erfahren.<\/a>\n          <\/p>\n<p>\t\t\t\t\t\t\t\t\t\t\t\t\t\t\t\t\t\tZwickau\u00a0<\/p>\n<p>\n            <a href=\"https:\/\/www.blick.de\/zwickau\/baustellen-update-fuer-zwickau-strassensperrungen-und-umleitungen-zu-ferienbeginn-artikel13978837\" rel=\"nofollow noopener\" target=\"_blank\">Das Baustellen-Update f\u00fcr Zwickau gibt es hier.\u00a0<\/a>\n          <\/p>\n<p>\t\t\t\t\t\t\t\t\t\t\t\t\t\t\t\t\t\tMittelsachsen<\/p>\n<p><a href=\"https:\/\/www.blick.de\/mittelsachsen\/baustellen-diese-strassen-in-mittelsachsen-sind-ab-montag-gesperrt-artikel13978712\" rel=\"nofollow noopener\" target=\"_blank\">Mehr zu den\u00a0Sperrungen in Mittelsachsen erfahren Sie \u00fcber diesen Link.<\/a>\u00a0<\/p>\n","protected":false},"excerpt":{"rendered":"Baustellen zum Ferienbeginn: Neue Stra\u00dfensperrungen in Chemnitz, Zwickau, Mittelsachsen und im Erzgebirge Verkehr Das Baustellen-Update f\u00fcr S\u00fcdwestsachsen &#8211;&hellip;\n","protected":false},"author":2,"featured_media":473807,"comment_status":"","ping_status":"","sticky":false,"template":"","format":"standard","meta":{"footnotes":""},"categories":[1851],"tags":[2770,3364,29,548,663,3934,30,13,14,15,859,12,5582],"class_list":{"0":"post-473806","1":"post","2":"type-post","3":"status-publish","4":"format-standard","5":"has-post-thumbnail","7":"category-chemnitz","8":"tag-chemnitz","9":"tag-de","10":"tag-deutschland","11":"tag-eu","12":"tag-europa","13":"tag-europe","14":"tag-germany","15":"tag-headlines","16":"tag-nachrichten","17":"tag-news","18":"tag-sachsen","19":"tag-schlagzeilen","20":"tag-verkehr-infrastruktur-bauen"},"share_on_mastodon":{"url":"https:\/\/pubeurope.com\/@de\/115318858116689974","error":""},"_links":{"self":[{"href":"https:\/\/www.europesays.com\/de\/wp-json\/wp\/v2\/posts\/473806","targetHints":{"allow":["GET"]}}],"collection":[{"href":"https:\/\/www.europesays.com\/de\/wp-json\/wp\/v2\/posts"}],"about":[{"href":"https:\/\/www.europesays.com\/de\/wp-json\/wp\/v2\/types\/post"}],"author":[{"embeddable":true,"href":"https:\/\/www.europesays.com\/de\/wp-json\/wp\/v2\/users\/2"}],"replies":[{"embeddable":true,"href":"https:\/\/www.europesays.com\/de\/wp-json\/wp\/v2\/comments?post=473806"}],"version-history":[{"count":0,"href":"https:\/\/www.europesays.com\/de\/wp-json\/wp\/v2\/posts\/473806\/revisions"}],"wp:featuredmedia":[{"embeddable":true,"href":"https:\/\/www.europesays.com\/de\/wp-json\/wp\/v2\/media\/473807"}],"wp:attachment":[{"href":"https:\/\/www.europesays.com\/de\/wp-json\/wp\/v2\/media?parent=473806"}],"wp:term":[{"taxonomy":"category","embeddable":true,"href":"https:\/\/www.europesays.com\/de\/wp-json\/wp\/v2\/categories?post=473806"},{"taxonomy":"post_tag","embeddable":true,"href":"https:\/\/www.europesays.com\/de\/wp-json\/wp\/v2\/tags?post=473806"}],"curies":[{"name":"wp","href":"https:\/\/api.w.org\/{rel}","templated":true}]}}