{"id":473895,"date":"2025-10-05T02:06:20","date_gmt":"2025-10-05T02:06:20","guid":{"rendered":"https:\/\/www.europesays.com\/de\/473895\/"},"modified":"2025-10-05T02:06:20","modified_gmt":"2025-10-05T02:06:20","slug":"berlin-brandenburg-2025-bisher-sechs-drohnensichtungen-am-flughafen-ber","status":"publish","type":"post","link":"https:\/\/www.europesays.com\/de\/473895\/","title":{"rendered":"Berlin &#038; Brandenburg: 2025 bisher sechs Drohnensichtungen am Flughafen BER"},"content":{"rendered":"<p>                    Berlin &amp; Brandenburg<br \/>\n                2025 bisher sechs Drohnensichtungen am Flughafen BER<\/p>\n<p>\t\t\t\t              04.10.2025, 14:42 Uhr<\/p>\n<p><strong>Drohnen sorgen immer h\u00e4ufiger f\u00fcr St\u00f6rungen an deutschen Flugh\u00e4fen. In M\u00fcnchen legten sie den Flugverkehr sogar zeitweise lahm. Wie ist die Lage am BER?<\/strong><\/p>\n<p>Berlin (dpa\/bb) &#8211; Rund um den Hauptstadtflughafen BER haben in diesem Jahr bereits sechsmal Drohnen den Flugverkehr gest\u00f6rt, zuletzt im September. Das teilte die Deutsche Flugsicherung (DFS) auf Anfrage der Deutschen Presse-Agentur mit. Der Airport liegt damit im Vergleich zu weiteren 15 deutschen Verkehrsflugh\u00e4fen im Mittelfeld. Spitzenreiter ist demnach Frankfurt\/Main mit 37 Drohnensichtungen in den ersten neun Monaten vor K\u00f6ln\/Bonn (13) und D\u00fcsseldorf (10).\u00a0<\/p>\n<p>Insgesamt registrierte die DFS bis einschlie\u00dflich September den Angaben zufolge 172 Behinderungen des Luftverkehrs durch Drohnen. Das sind jetzt schon mehr als im gesamten Vorjahr. 123 F\u00e4lle, also fast drei Viertel, passierten im Gro\u00dfraum von Flugh\u00e4fen. Und dass, obwohl Drohnenfl\u00fcge in einem Radius von 1,5 Kilometern um Airports herum verboten sind.\u00a0<\/p>\n<p>Drohnensichtung kann erhebliche Folgen haben\u00a0<\/p>\n<p>Wer die Drohnen steuerte, geht aus einer \u00dcbersicht der Flugsicherung nicht hervor. In vielen F\u00e4llen d\u00fcrften Hobby-Piloten die Ursache sein. In der Regel melden Flugzeug-Piloten oder der Tower Drohnen. Die bundeseigene Flugsicherung entscheidet dann, welche Ma\u00dfnahmen eingeleitet werden.\u00a0<\/p>\n<p>&#8222;Drohnen k\u00f6nnen die An- und Abfl\u00fcge gef\u00e4hrden, daher reagieren wir immer sofort&#8220;, schilderte eine DFS-Sprecherin. &#8222;Sobald uns eine Drohnensichtung bekannt wird, erteilt unser Tower nur noch Freigaben f\u00fcr den nicht betroffenen Bereich des Flughafens.&#8220; Im Extremfall werden die An- und Abfl\u00fcge demnach in einer solchen Situation ganz eingestellt. Alle Aktivit\u00e4ten w\u00fcrden eng mit dem Flughafen und der Polizei abgestimmt.<\/p>\n<p>Worst Case in M\u00fcnchen\u00a0<\/p>\n<p>Drohnensichtungen an zwei Tagen hintereinander legten zuletzt den M\u00fcnchner Airport zeitweise lahm. Dort waren am Donnerstag und am Freitag jeweils abends Drohnen gesichtet worden, daraufhin wurde der Flugbetrieb vor\u00fcbergehend eingestellt.\u00a0<\/p>\n<p>Am Hauptstadtflughafen BER in Sch\u00f6nefeld gab es solche maximalen Folgen einer Drohnensichtung bisher nicht. Eine BER-Sprecherin sagte, der Flughafen arbeite eng mit der DFS zusammen.<\/p>\n","protected":false},"excerpt":{"rendered":"Berlin &amp; Brandenburg 2025 bisher sechs Drohnensichtungen am Flughafen BER 04.10.2025, 14:42 Uhr Drohnen sorgen immer h\u00e4ufiger f\u00fcr&hellip;\n","protected":false},"author":2,"featured_media":473896,"comment_status":"","ping_status":"","sticky":false,"template":"","format":"standard","meta":{"footnotes":""},"categories":[1816],"tags":[1960,1958,1959,1957,13410,296,1956,1890,29,116069,2109,30],"class_list":{"0":"post-473895","1":"post","2":"type-post","3":"status-publish","4":"format-standard","5":"has-post-thumbnail","7":"category-brandenburg","8":"tag-aktuelle-nachrichten-aus-berlin-und-brandenburg","9":"tag-aktuelle-nachrichten-aus-brandenburg","10":"tag-aktuelle-news-aus-berlin-und-brandenburg","11":"tag-aktuelle-news-aus-brandenburg","12":"tag-ber","13":"tag-berlin","14":"tag-berlin-und-brandenburg","15":"tag-brandenburg","16":"tag-deutschland","17":"tag-drohnensichtungen","18":"tag-flughafen","19":"tag-germany"},"share_on_mastodon":{"url":"https:\/\/pubeurope.com\/@de\/115319118017467842","error":""},"_links":{"self":[{"href":"https:\/\/www.europesays.com\/de\/wp-json\/wp\/v2\/posts\/473895","targetHints":{"allow":["GET"]}}],"collection":[{"href":"https:\/\/www.europesays.com\/de\/wp-json\/wp\/v2\/posts"}],"about":[{"href":"https:\/\/www.europesays.com\/de\/wp-json\/wp\/v2\/types\/post"}],"author":[{"embeddable":true,"href":"https:\/\/www.europesays.com\/de\/wp-json\/wp\/v2\/users\/2"}],"replies":[{"embeddable":true,"href":"https:\/\/www.europesays.com\/de\/wp-json\/wp\/v2\/comments?post=473895"}],"version-history":[{"count":0,"href":"https:\/\/www.europesays.com\/de\/wp-json\/wp\/v2\/posts\/473895\/revisions"}],"wp:featuredmedia":[{"embeddable":true,"href":"https:\/\/www.europesays.com\/de\/wp-json\/wp\/v2\/media\/473896"}],"wp:attachment":[{"href":"https:\/\/www.europesays.com\/de\/wp-json\/wp\/v2\/media?parent=473895"}],"wp:term":[{"taxonomy":"category","embeddable":true,"href":"https:\/\/www.europesays.com\/de\/wp-json\/wp\/v2\/categories?post=473895"},{"taxonomy":"post_tag","embeddable":true,"href":"https:\/\/www.europesays.com\/de\/wp-json\/wp\/v2\/tags?post=473895"}],"curies":[{"name":"wp","href":"https:\/\/api.w.org\/{rel}","templated":true}]}}