{"id":473999,"date":"2025-10-05T03:15:16","date_gmt":"2025-10-05T03:15:16","guid":{"rendered":"https:\/\/www.europesays.com\/de\/473999\/"},"modified":"2025-10-05T03:15:16","modified_gmt":"2025-10-05T03:15:16","slug":"viktoria-kirchderne-zwei-teams-oben","status":"publish","type":"post","link":"https:\/\/www.europesays.com\/de\/473999\/","title":{"rendered":"Viktoria Kirchderne zwei Teams oben"},"content":{"rendered":"<p>\t\tDortmunder Kreisligist ist mit zwei Teams in der Spitzengruppe<br \/>\n\t\t\t\t\tBei\u00dft sich das?<\/p>\n<p>\t\t<img alt=\"\" src=\"https:\/\/www.europesays.com\/de\/wp-content\/uploads\/2025\/04\/630_0036_191722_.jpg\"  class=\"avatar avatar-36 photo avatar-default\" height=\"36\" width=\"36\" loading=\"eager\" decoding=\"async\"\/>\t\t<a class=\"article-author__name\" href=\"https:\/\/www.ruhrnachrichten.de\/author\/alexander-naehle\/\" rel=\"author noopener\" target=\"_blank\">Alexander N\u00e4hle<\/a><br \/>\n\t\tFreier Mitarbeiter<\/p>\n<p>    <a href=\"https:\/\/www.ruhrnachrichten.de\/wp-content\/uploads\/2025\/10\/04\/17\/630_0863_1083745_Koenig_Viktoria630_0900_5111191_-1648x824.jpg\" target=\"_blank\" rel=\"noopener\"><\/p>\n<p>            <img decoding=\"async\" fetchpriority=\"high\" src=\"https:\/\/www.europesays.com\/de\/wp-content\/uploads\/2025\/10\/630_0863_1083745_Koenig_Viktoria630_0900_5111190_-640x428.jpg\" width=\"640\" height=\"428\"  alt=\"Jonas K\u00f6nig geht zum Ball.\"\/><\/p>\n<p>    <\/a><br \/>\n    Jonas K\u00f6nig (l.) spielt aktuell f\u00fcr Viktoria Kirchderne II. \u00a9 Oliver Schaper<\/p>\n<p class=\"article__teaser-text\">Jonas K\u00f6nig (36) h\u00e4lt derzeit bei Viktoria Kirchderne die B\u00e4lle. Der Dortmunder Kreisligist befindet sich mit zwei Teams in sehr guten Positionen.<\/p>\n<p>4 Min Lesezeit<\/p>\n<p>Interview mit Jonas K\u00f6nigJonas, ich erwische dich gerade weder an der Weiche noch im Wasser. Was treibt der Keeper der erfolgreichen Kirchderner Reserve, des Tabellenf\u00fchrers, und hauptamtlicher Teamleiter des DLRG-Landesverbandes an einem Montagmittag?Wird Philipp auch mal Torwart und dazu ein guter Schwimmer?Dann g\u00f6nnen wir uns den Exkurs, der bestimmt vielen Eltern aus der Seele spricht. Stimmt es, dass immer weniger Kinder schwimmen lernen?Ich habe, um ehrlich zu sein, als Kind selbst mit Ach und Krach das Seepferdchen hinbekommen. Mit wildem Herumrudern habe ich mich aber auch l\u00e4nger \u00fcber Wasser halten k\u00f6nnen. Reicht das nicht?Danke f\u00fcr den wertvollen Appell! Jetzt der gekonnte \u00dcbergang: In der Kreisliga B4 mit der Reserve von Viktoria Kirchderne habt ihr euch so richtig freigeschwommen, dass ihr das Tableau anf\u00fchrt. Parallel ist eure Erste Spitzenreiter der B2. Bei\u00dft sich da was?Solltet ihr beide als Erster die Saison beenden, k\u00e4me es zu einer Relegation mit vier Spitzenreitern um die Qualifikation f\u00fcr die Dortmund-Liga. Was dann?War das auch der Grund f\u00fcr deinen Wechsel aus h\u00f6heren Ligen? Zur Erinnerung: Vor einem Jahr warst du vom Landesligisten TuS Hannibal zu den Dortmunder L\u00f6wen gewechselt. Im Winter dann erschienst du an der Kirchderner Weiche.Wie ist die Vereinbarung?Aber ganz ohne geht eben auch nicht?\u00c4rgern den alten Hasen denn vier Gegentore wie jetzt beim 5:4 in Neuasseln trotzdem?33 erzielte Tore sind der Spitzenwert. Hinten 14 gehen trotz der jetzt vier St\u00fcck auch okay. Seid ihr dennoch offensivst\u00e4rker?Wird Philipp im Kindergartenalter einen Papa haben, der aktiv Fu\u00dfball spielt?<\/p>\n","protected":false},"excerpt":{"rendered":"Dortmunder Kreisligist ist mit zwei Teams in der Spitzengruppe Bei\u00dft sich das? Alexander N\u00e4hle Freier Mitarbeiter Jonas K\u00f6nig&hellip;\n","protected":false},"author":2,"featured_media":474000,"comment_status":"","ping_status":"","sticky":false,"template":"","format":"standard","meta":{"footnotes":""},"categories":[1833],"tags":[5580,3364,29,217,30,5581,1209],"class_list":{"0":"post-473999","1":"post","2":"type-post","3":"status-publish","4":"format-standard","5":"has-post-thumbnail","7":"category-dortmund","8":"tag-amateurfussball","9":"tag-de","10":"tag-deutschland","11":"tag-dortmund","12":"tag-germany","13":"tag-kreisliga-b","14":"tag-nordrhein-westfalen"},"share_on_mastodon":{"url":"https:\/\/pubeurope.com\/@de\/115319388508955285","error":""},"_links":{"self":[{"href":"https:\/\/www.europesays.com\/de\/wp-json\/wp\/v2\/posts\/473999","targetHints":{"allow":["GET"]}}],"collection":[{"href":"https:\/\/www.europesays.com\/de\/wp-json\/wp\/v2\/posts"}],"about":[{"href":"https:\/\/www.europesays.com\/de\/wp-json\/wp\/v2\/types\/post"}],"author":[{"embeddable":true,"href":"https:\/\/www.europesays.com\/de\/wp-json\/wp\/v2\/users\/2"}],"replies":[{"embeddable":true,"href":"https:\/\/www.europesays.com\/de\/wp-json\/wp\/v2\/comments?post=473999"}],"version-history":[{"count":0,"href":"https:\/\/www.europesays.com\/de\/wp-json\/wp\/v2\/posts\/473999\/revisions"}],"wp:featuredmedia":[{"embeddable":true,"href":"https:\/\/www.europesays.com\/de\/wp-json\/wp\/v2\/media\/474000"}],"wp:attachment":[{"href":"https:\/\/www.europesays.com\/de\/wp-json\/wp\/v2\/media?parent=473999"}],"wp:term":[{"taxonomy":"category","embeddable":true,"href":"https:\/\/www.europesays.com\/de\/wp-json\/wp\/v2\/categories?post=473999"},{"taxonomy":"post_tag","embeddable":true,"href":"https:\/\/www.europesays.com\/de\/wp-json\/wp\/v2\/tags?post=473999"}],"curies":[{"name":"wp","href":"https:\/\/api.w.org\/{rel}","templated":true}]}}