{"id":474146,"date":"2025-10-05T04:45:10","date_gmt":"2025-10-05T04:45:10","guid":{"rendered":"https:\/\/www.europesays.com\/de\/474146\/"},"modified":"2025-10-05T04:45:10","modified_gmt":"2025-10-05T04:45:10","slug":"cannstatter-volksfest-1200-betriebe-wollten-auf-den-wasen-die-macher-hinter-den-kulissen-krz-plus","status":"publish","type":"post","link":"https:\/\/www.europesays.com\/de\/474146\/","title":{"rendered":"Cannstatter Volksfest: 1200 Betriebe wollten auf den Wasen \u2013 Die Macher hinter den Kulissen &#8211; KRZ Plus"},"content":{"rendered":"<p>Das Cannstatter Volksfest ist wie eine Stadt f\u00fcr sich. Doch wer entscheidet, welche Betriebe zugelassen werden? Welche Regeln gibt es? Und wer hat Einfluss?<\/p>\n<p>Wer nicht genau hinschaut, wird das kleine Geb\u00e4ude-Ensemble auf dem <a href=\"https:\/\/www.krzbb.de\/inhalt.fahrgeschaefte-kulinarik-und-co-was-ist-neu-auf-dem-cannstatter-volksfest.6c671414-0ea7-421f-a0af-a69ece57cae8.html\" target=\"_blank\" rel=\"nofollow noopener\">Wasen<\/a> zwischen all den Buden wom\u00f6glich gar nicht bemerken. Und doch entscheidet sich hier, zwischen <a href=\"https:\/\/www.krzbb.de\/inhalt.mit-der-polizei-auf-dem-volksfest-trotz-dauereinsatz-wir-haben-richtig-bock-auf-den-wasen.fb8e7f2e-5a2f-4b32-9037-2a439d12bf76.html\" target=\"_blank\" rel=\"nofollow noopener\">Wasenwache der Polizei<\/a>, Deutschem Rotem Kreuz und Geisterbahn, wie das <a href=\"https:\/\/www.krzbb.de\/thema\/Volksfest\" target=\"_blank\" rel=\"nofollow noopener\">Cannstatter Volksfest <\/a>aussieht. Denn das zweitgr\u00f6\u00dfte <a href=\"https:\/\/www.krzbb.de\/thema\/Volksfest\" title=\"Volksfest\" class=\"art_thema\" rel=\"nofollow noopener\" target=\"_blank\">Volksfest<\/a> der Welt ist auch bei Schaustellern und H\u00e4ndlern \u00e4u\u00dferst gefragt. <\/p>\n","protected":false},"excerpt":{"rendered":"Das Cannstatter Volksfest ist wie eine Stadt f\u00fcr sich. Doch wer entscheidet, welche Betriebe zugelassen werden? Welche Regeln&hellip;\n","protected":false},"author":2,"featured_media":474147,"comment_status":"","ping_status":"","sticky":false,"template":"","format":"standard","meta":{"footnotes":"","_share_on_mastodon":"0"},"categories":[1830],"tags":[4657,1634,19378,4742,3364,29,30,120383,120385,1441,22999,120386,12480,120384],"class_list":["post-474146","post","type-post","status-publish","format-standard","has-post-thumbnail","category-stuttgart","tag-stadtreporter","tag-baden-wuerttemberg","tag-cannstatter-volksfest","tag-cannstatter-wasen","tag-de","tag-deutschland","tag-germany","tag-in-stuttgart","tag-marcus-christen","tag-stuttgart","tag-thomas-fuhrmann","tag-thomas-heibel","tag-volksfest","tag-wasen-buergermeister"],"share_on_mastodon":{"url":"https:\/\/pubeurope.com\/@de\/115319742299905488","error":""},"_links":{"self":[{"href":"https:\/\/www.europesays.com\/de\/wp-json\/wp\/v2\/posts\/474146","targetHints":{"allow":["GET"]}}],"collection":[{"href":"https:\/\/www.europesays.com\/de\/wp-json\/wp\/v2\/posts"}],"about":[{"href":"https:\/\/www.europesays.com\/de\/wp-json\/wp\/v2\/types\/post"}],"author":[{"embeddable":true,"href":"https:\/\/www.europesays.com\/de\/wp-json\/wp\/v2\/users\/2"}],"replies":[{"embeddable":true,"href":"https:\/\/www.europesays.com\/de\/wp-json\/wp\/v2\/comments?post=474146"}],"version-history":[{"count":0,"href":"https:\/\/www.europesays.com\/de\/wp-json\/wp\/v2\/posts\/474146\/revisions"}],"wp:featuredmedia":[{"embeddable":true,"href":"https:\/\/www.europesays.com\/de\/wp-json\/wp\/v2\/media\/474147"}],"wp:attachment":[{"href":"https:\/\/www.europesays.com\/de\/wp-json\/wp\/v2\/media?parent=474146"}],"wp:term":[{"taxonomy":"category","embeddable":true,"href":"https:\/\/www.europesays.com\/de\/wp-json\/wp\/v2\/categories?post=474146"},{"taxonomy":"post_tag","embeddable":true,"href":"https:\/\/www.europesays.com\/de\/wp-json\/wp\/v2\/tags?post=474146"}],"curies":[{"name":"wp","href":"https:\/\/api.w.org\/{rel}","templated":true}]}}