{"id":474421,"date":"2025-10-05T07:28:15","date_gmt":"2025-10-05T07:28:15","guid":{"rendered":"https:\/\/www.europesays.com\/de\/474421\/"},"modified":"2025-10-05T07:28:15","modified_gmt":"2025-10-05T07:28:15","slug":"so-arbeitet-das-drk-auf-dem-canstatter-wasen-land-baden-wuerttemberg-reutlinger-general-anzeiger","status":"publish","type":"post","link":"https:\/\/www.europesays.com\/de\/474421\/","title":{"rendered":"So arbeitet das DRK auf dem Canstatter Wasen &#8211; Land Baden-W\u00fcrttemberg &#8211; Reutlinger General-Anzeiger"},"content":{"rendered":"<p><a class=\"fancybox nfy-show-guest-info\" title=\"Bild vergr\u00f6\u00dfern\" href=\"https:\/\/www.gea.de\/cms_media\/module_img\/82767\/41383747_1_lightbox_Wasen_DRK.jpg\" target=\"_blank\" rel=\"noopener\"><\/a><img loading=\"lazy\" decoding=\"async\" alt=\"Die Rettungssanit\u00e4ter der DRK-Wasenwache sind allzeit bereit. Sie alle bringen Knowhow mit. Wer mitarbeiten m\u00f6chte, braucht mind\" data-nfy-img-placeholder=\"detail\" src=\"https:\/\/www.europesays.com\/de\/wp-content\/uploads\/2025\/10\/41383747_1_detail_Wasen_DRK.jpg\" title=\"Wasen DRK\" width=\"670\" height=\"374\"\/>Die Rettungssanit\u00e4ter der DRK-Wasenwache sind allzeit bereit. Sie alle bringen Knowhow mit. Wer mitarbeiten m\u00f6chte, braucht mindestens eine Ausbildung zum Sanit\u00e4ter. Die Positionen auf der Wasenwache werden je nach Qualifikation besetzt. Foto: Geisinger <\/p>\n<p>Die Rettungssanit\u00e4ter der DRK-Wasenwache sind allzeit bereit. Sie alle bringen Knowhow mit. Wer mitarbeiten m\u00f6chte, braucht mindestens eine Ausbildung zum Sanit\u00e4ter. Die Positionen auf der Wasenwache werden je nach Qualifikation besetzt.<\/p>\n<p>Foto: Geisinger<\/p>\n<p><a href=\"#null\" class=\"nfy-caption-info-button\" onclick=\"toggleFancyInfo(this);return false;\"><\/a><\/p>\n<p class=\"nfy-text-wrapper-blur\" aria-label=\"Unkenntlich gemachter Text\" role=\"paragraph\">Lorem ipsum dolor sit amet, consetetur sadipscing elitr, sed diam nonumy eirmod tempor invidunt ut labore et dolore magna aliquyam erat, sed diam voluptua. At vero eos et accusam et justo duo dolores et ea rebum.<\/p>\n","protected":false},"excerpt":{"rendered":"Die Rettungssanit\u00e4ter der DRK-Wasenwache sind allzeit bereit. Sie alle bringen Knowhow mit. Wer mitarbeiten m\u00f6chte, braucht mindestens eine&hellip;\n","protected":false},"author":2,"featured_media":474422,"comment_status":"","ping_status":"","sticky":false,"template":"","format":"standard","meta":{"footnotes":""},"categories":[1830],"tags":[1634,3364,29,30,3461,1441],"class_list":{"0":"post-474421","1":"post","2":"type-post","3":"status-publish","4":"format-standard","5":"has-post-thumbnail","7":"category-stuttgart","8":"tag-baden-wuerttemberg","9":"tag-de","10":"tag-deutschland","11":"tag-germany","12":"tag-sonstige","13":"tag-stuttgart"},"share_on_mastodon":{"url":"https:\/\/pubeurope.com\/@de\/115320383480174871","error":""},"_links":{"self":[{"href":"https:\/\/www.europesays.com\/de\/wp-json\/wp\/v2\/posts\/474421","targetHints":{"allow":["GET"]}}],"collection":[{"href":"https:\/\/www.europesays.com\/de\/wp-json\/wp\/v2\/posts"}],"about":[{"href":"https:\/\/www.europesays.com\/de\/wp-json\/wp\/v2\/types\/post"}],"author":[{"embeddable":true,"href":"https:\/\/www.europesays.com\/de\/wp-json\/wp\/v2\/users\/2"}],"replies":[{"embeddable":true,"href":"https:\/\/www.europesays.com\/de\/wp-json\/wp\/v2\/comments?post=474421"}],"version-history":[{"count":0,"href":"https:\/\/www.europesays.com\/de\/wp-json\/wp\/v2\/posts\/474421\/revisions"}],"wp:featuredmedia":[{"embeddable":true,"href":"https:\/\/www.europesays.com\/de\/wp-json\/wp\/v2\/media\/474422"}],"wp:attachment":[{"href":"https:\/\/www.europesays.com\/de\/wp-json\/wp\/v2\/media?parent=474421"}],"wp:term":[{"taxonomy":"category","embeddable":true,"href":"https:\/\/www.europesays.com\/de\/wp-json\/wp\/v2\/categories?post=474421"},{"taxonomy":"post_tag","embeddable":true,"href":"https:\/\/www.europesays.com\/de\/wp-json\/wp\/v2\/tags?post=474421"}],"curies":[{"name":"wp","href":"https:\/\/api.w.org\/{rel}","templated":true}]}}