{"id":474678,"date":"2025-10-05T10:06:11","date_gmt":"2025-10-05T10:06:11","guid":{"rendered":"https:\/\/www.europesays.com\/de\/474678\/"},"modified":"2025-10-05T10:06:11","modified_gmt":"2025-10-05T10:06:11","slug":"bremen-mann-in-erotikfalle-gelockt-und-ausgeraubt-regional","status":"publish","type":"post","link":"https:\/\/www.europesays.com\/de\/474678\/","title":{"rendered":"Bremen: Mann in Erotikfalle gelockt und ausgeraubt | Regional"},"content":{"rendered":"<p>Bremen \u2013 <b>Ein 21-J\u00e4hriger geriet am 04.10.2025 in Blumenthal in eine gef\u00e4hrliche Falle und wurde ausgeraubt.<\/b><\/p>\n<p>Der junge Mann hatte sich \u00fcber ein Chatportal zu einem Treffen verabredet. Er erwartete eine vermeintlich 17-J\u00e4hrige, doch statt einer romantischen Begegnung erwarteten ihn drei Unbekannte, die ihn brutal \u00fcberfielen. Die T\u00e4ter lauerten im Geb\u00fcsch und griffen den 21-J\u00e4hrigen an, als er gegen 23:00 Uhr in der Stra\u00dfe Am Freibad ankam. W\u00e4hrend er versuchte zu fliehen, st\u00fcrzte er und wurde von den Angreifern mit Schlagst\u00f6ckern attackiert.<\/p>\n<p>Auch interessant<\/p>\n<p>Anzeige<\/p>\n<p>Auch interessant<\/p>\n<p>Anzeige<\/p>\n<p>Die R\u00e4uber raubten seine Geldb\u00f6rse und Autoschl\u00fcssel, fesselten ihn mit Klebeband an einen M\u00fclleimer und entkamen in unbekannte Richtung mit seinem grauen BMW. Der Verletzte, der unter anderem eine Rippenfraktur und H\u00e4matome am ganzen K\u00f6rper erlitt, konnte sich sp\u00e4ter selbst befreien und die Polizei alarmieren. Er wurde ins Krankenhaus gebracht.<\/p>\n<p><b>Die T\u00e4ter sollen alle m\u00e4nnlich gewesen sein. Zwei trugen dunkle Masken, einer eine wei\u00dfe. Einer der Angreifer hatte blonde Haare. Die Kriminalpolizei sucht Zeugen, die Hinweise zu den T\u00e4tern oder dem gestohlenen Auto geben k\u00f6nnen. Informationen nimmt der Kriminaldauerdienst unter 0421 362-3888 entgegen.<\/b><\/p>\n<p>Dieser Text basiert auf einer offiziellen Beh\u00f6rden-Information und wurde mit Hilfe von KI erstellt.<\/p>\n","protected":false},"excerpt":{"rendered":"Bremen \u2013 Ein 21-J\u00e4hriger geriet am 04.10.2025 in Blumenthal in eine gef\u00e4hrliche Falle und wurde ausgeraubt. Der junge&hellip;\n","protected":false},"author":2,"featured_media":472341,"comment_status":"","ping_status":"","sticky":false,"template":"","format":"standard","meta":{"footnotes":""},"categories":[1824],"tags":[2420,3364,29,1686,30,1000,2509,45,1995],"class_list":{"0":"post-474678","1":"post","2":"type-post","3":"status-publish","4":"format-standard","5":"has-post-thumbnail","7":"category-bremen","8":"tag-bremen","9":"tag-de","10":"tag-deutschland","11":"tag-diebstahl","12":"tag-germany","13":"tag-gewalt","14":"tag-ki-ots","15":"tag-texttospeech","16":"tag-verbrechen"},"share_on_mastodon":{"url":"https:\/\/pubeurope.com\/@de\/115321004675920840","error":""},"_links":{"self":[{"href":"https:\/\/www.europesays.com\/de\/wp-json\/wp\/v2\/posts\/474678","targetHints":{"allow":["GET"]}}],"collection":[{"href":"https:\/\/www.europesays.com\/de\/wp-json\/wp\/v2\/posts"}],"about":[{"href":"https:\/\/www.europesays.com\/de\/wp-json\/wp\/v2\/types\/post"}],"author":[{"embeddable":true,"href":"https:\/\/www.europesays.com\/de\/wp-json\/wp\/v2\/users\/2"}],"replies":[{"embeddable":true,"href":"https:\/\/www.europesays.com\/de\/wp-json\/wp\/v2\/comments?post=474678"}],"version-history":[{"count":0,"href":"https:\/\/www.europesays.com\/de\/wp-json\/wp\/v2\/posts\/474678\/revisions"}],"wp:featuredmedia":[{"embeddable":true,"href":"https:\/\/www.europesays.com\/de\/wp-json\/wp\/v2\/media\/472341"}],"wp:attachment":[{"href":"https:\/\/www.europesays.com\/de\/wp-json\/wp\/v2\/media?parent=474678"}],"wp:term":[{"taxonomy":"category","embeddable":true,"href":"https:\/\/www.europesays.com\/de\/wp-json\/wp\/v2\/categories?post=474678"},{"taxonomy":"post_tag","embeddable":true,"href":"https:\/\/www.europesays.com\/de\/wp-json\/wp\/v2\/tags?post=474678"}],"curies":[{"name":"wp","href":"https:\/\/api.w.org\/{rel}","templated":true}]}}