{"id":475153,"date":"2025-10-05T14:41:26","date_gmt":"2025-10-05T14:41:26","guid":{"rendered":"https:\/\/www.europesays.com\/de\/475153\/"},"modified":"2025-10-05T14:41:26","modified_gmt":"2025-10-05T14:41:26","slug":"gez-gebuehren-entfallen-fuer-tausende-deutsche","status":"publish","type":"post","link":"https:\/\/www.europesays.com\/de\/475153\/","title":{"rendered":"GEZ-Geb\u00fchren entfallen f\u00fcr tausende Deutsche"},"content":{"rendered":"<p><strong><br \/>\n           Monatlich werden f\u00fcr den \u00f6ffentlich-rechtlichen Rundfunk in Deutschlands Haushalten 18,36 Euro berechnet. Das soll sich jetzt f\u00fcr tausende Menschen \u00e4ndern.<br \/>\n          <\/strong>\n          <\/p>\n<p>Tausende Deutsche d\u00fcrfen sich freuen: ab Oktober m\u00fcssen sie keine GEZ-Geb\u00fchren mehr bezahlen. Monatlich werden so gut wie jedem deutschen B\u00fcrger 18,36 Euro berechnet; quartalsweise entsprechend 55,08 Euro.\u00a0<\/p>\n<p>Der Betrag f\u00e4llt an f\u00fcr das Angebot von ARD, ZDF und Deutschlandradio an &#8211; dabei ist es unerheblich, ob man das Angebot nun nutzt oder nicht. Immer wieder \u00e4rgern sich zahlreiche Deutsche \u00fcber die aus ihrer Sicht &#8222;Zwangsgeb\u00fchren&#8220;. Jetzt entfallen die Geb\u00fchren f\u00fcr viele junge Erwachsene.\u00a0<\/p>\n<p>Ab Oktober 2025: Wer BAf\u00f6G erh\u00e4lt, muss keine GEZ-Geb\u00fchren mehr zahlen<\/p>\n<p>Geplant ist, dass sich jeder, der eine Art von BAf\u00f6G bezieht, von der Zahlung befreien lassen kann. Darunter fallen Sch\u00fcler-BAf\u00f6G, Studenten-BAf\u00f6G oder elternunabh\u00e4ngiges BAf\u00f6G.<\/p>\n<p>Im Jahr 2023 haben etwa 635.600 Personen in <a href=\"https:\/\/www.infranken.de\/deutschland\/\" class=\"enriched\" rel=\"nofollow noopener\" target=\"_blank\">Deutschland<\/a> eine Art von BAf\u00f6G erhalten. Wie die dpa berichtet, sinkt die Zahl der BAf\u00f6G-Beziehenden allerdings von Jahr zu Jahr. Um die finanzielle Unterst\u00fctzung zu erhalten, m\u00fcssen einige Kriterien erf\u00fcllt sein.<\/p>\n<p>Leben in einer Wohngemeinschaft, die typisch f\u00fcr Studierende ist, lediglich Personen, die BAf\u00f6G beziehen, kann sich die gesamte WG von der Zahlung befreien lassen. Der Antrag kann sogar f\u00fcr die letzten drei Jahre r\u00fcckwirkend gestellt werden.<\/p>\n<p>Rundfunkbeitrag: Wie kann man sich von der Zahlung befreien lassen?<\/p>\n<p>Neben BAf\u00f6G-Beziehenden k\u00f6nnen sich auch andere Personen von der Geb\u00fchr befreien lassen, dazu z\u00e4hlen:<\/p>\n<ul>\n<li><strong>Empf\u00e4nger von Sozialgeld<\/strong><\/li>\n<li><strong>Empf\u00e4nger von Arbeitslosengeld II\u00a0<\/strong><\/li>\n<li><strong>Menschen, die Asylhilfe erhalten\u00a0<\/strong><\/li>\n<li><strong>Menschen, die an bestimmten Seh- oder H\u00f6rbehinderungen leiden\u00a0<\/strong><\/li>\n<li><strong><a href=\"https:\/\/www.infranken.de\/ratgeber\/karriere-geld\/rente-rentner-koennen-sich-von-der-rundfunkgebuehr-befreien-lassen-art-5621567\" target=\"_blank\" title=\"Rente: Manche Rentner m\u00fcssen keine Rundfunkgeb\u00fchr zahlen - geh\u00f6rst du dazu?\" rel=\"nofollow noopener\">Rentner, die Grundsicherung erhalten<\/a><\/strong><\/li>\n<\/ul>\n","protected":false},"excerpt":{"rendered":"Monatlich werden f\u00fcr den \u00f6ffentlich-rechtlichen Rundfunk in Deutschlands Haushalten 18,36 Euro berechnet. Das soll sich jetzt f\u00fcr tausende&hellip;\n","protected":false},"author":2,"featured_media":475154,"comment_status":"","ping_status":"","sticky":false,"template":"","format":"standard","meta":{"footnotes":""},"categories":[1773],"tags":[29,214,30,471,1780,215],"class_list":{"0":"post-475153","1":"post","2":"type-post","3":"status-publish","4":"format-standard","5":"has-post-thumbnail","7":"category-serien","8":"tag-deutschland","9":"tag-entertainment","10":"tag-germany","11":"tag-serien","12":"tag-series","13":"tag-unterhaltung"},"share_on_mastodon":{"url":"https:\/\/pubeurope.com\/@de\/115322085877853050","error":""},"_links":{"self":[{"href":"https:\/\/www.europesays.com\/de\/wp-json\/wp\/v2\/posts\/475153","targetHints":{"allow":["GET"]}}],"collection":[{"href":"https:\/\/www.europesays.com\/de\/wp-json\/wp\/v2\/posts"}],"about":[{"href":"https:\/\/www.europesays.com\/de\/wp-json\/wp\/v2\/types\/post"}],"author":[{"embeddable":true,"href":"https:\/\/www.europesays.com\/de\/wp-json\/wp\/v2\/users\/2"}],"replies":[{"embeddable":true,"href":"https:\/\/www.europesays.com\/de\/wp-json\/wp\/v2\/comments?post=475153"}],"version-history":[{"count":0,"href":"https:\/\/www.europesays.com\/de\/wp-json\/wp\/v2\/posts\/475153\/revisions"}],"wp:featuredmedia":[{"embeddable":true,"href":"https:\/\/www.europesays.com\/de\/wp-json\/wp\/v2\/media\/475154"}],"wp:attachment":[{"href":"https:\/\/www.europesays.com\/de\/wp-json\/wp\/v2\/media?parent=475153"}],"wp:term":[{"taxonomy":"category","embeddable":true,"href":"https:\/\/www.europesays.com\/de\/wp-json\/wp\/v2\/categories?post=475153"},{"taxonomy":"post_tag","embeddable":true,"href":"https:\/\/www.europesays.com\/de\/wp-json\/wp\/v2\/tags?post=475153"}],"curies":[{"name":"wp","href":"https:\/\/api.w.org\/{rel}","templated":true}]}}