{"id":475493,"date":"2025-10-05T17:54:11","date_gmt":"2025-10-05T17:54:11","guid":{"rendered":"https:\/\/www.europesays.com\/de\/475493\/"},"modified":"2025-10-05T17:54:11","modified_gmt":"2025-10-05T17:54:11","slug":"brisantes-interview-merkel-gibt-polen-mitschuld-an-putins-krieg-politik","status":"publish","type":"post","link":"https:\/\/www.europesays.com\/de\/475493\/","title":{"rendered":"Brisantes Interview: Merkel gibt Polen Mitschuld an Putins Krieg | Politik"},"content":{"rendered":"<p>Berlin \u2013 <b>Brisante Aussagen von Ex-Kanzlerin Angela Merkel: In einem Interview mit dem ungarischen Online-Medium <\/b><a href=\"https:\/\/www.youtube.com\/watch?v=wjSHkSPUxRc&amp;t=630s\" rel=\"noopener nofollow\" class=\"text-link--external text-link\" target=\"_blank\"><b>\u201ePartizan\u201c<\/b><\/a><b> hat sie Polen und den baltischen Staaten eine Mitschuld am Abbruch der diplomatischen Beziehungen zwischen Russland und EU und damit indirekt auch am russischen Angriffskrieg gegen die Ukraine wenige Monate darauf gegeben.<\/b><\/p>\n<p>In dem Interview spricht <a href=\"https:\/\/www.bild.de\/politik\/leute\/angela-merkel\/angela-merkel-alle-infos-76681898.bild.html\" class=\"text-link\" rel=\"nofollow noopener\" target=\"_blank\">Merkel<\/a> \u00fcber das 2015 von ihr mit ausgehandelten Minsker Abkommen, das zwischen 2015 und 2021 \u201eeine Beruhigung herbeigef\u00fchrt\u201c und der Ukraine die M\u00f6glichkeit gegeben habe, \u201eKraft (zu) sammeln\u201c und \u201eein anderes Land (zu) werden\u201c.<\/p>\n<p> An dieser Stelle findest du Inhalte aus YouTube <\/p>\n<p> Um mit Inhalten aus YouTube und anderen sozialen Netzwerken zu interagieren oder diese darzustellen, brauchen wir deine Zustimmung. <\/p>\n<p> soziale Netzwerke aktivieren  Um eingebettete Inhalte anzuzeigen, ist Ihre jederzeit widerrufliche Einwilligung (\u00fcber den Schalter oder \u00fcber &#8220; <a class=\"embed-placeholder__text-link\" href=\"#\" rel=\"noopener noreferrer\" title=\"Tracking widerrufen\"> Widerruf Tracking und Cookies<\/a> &#8220; am Seitenende) zur Verarbeitung personenbezogener Daten n\u00f6tig.  Dabei k\u00f6nnen Daten in Drittl\u00e4nder wie die USA \u00fcbermittelt werden (Art. 49 Abs. 1 lit. a DSGVO). Mit dem Aktivieren des Inhalts stimmen Sie zu. Weitere Infos finden Sie <a class=\"embed-placeholder__text-link\" href=\"#\" rel=\"noopener noreferrer\" title=\"Zu den Privatsph\u00e4re Einstellungen\"> hier<\/a>. <\/p>\n<p>Merkel erkl\u00e4rt: \u201e2021 im Juni habe ich gef\u00fchlt, dass das Minsk-Abkommen von <a href=\"https:\/\/www.bild.de\/politik\/leute\/wladimir-putin\/wladimir-putin-alle-infos-79314364.bild.html\" class=\"text-link\" rel=\"nofollow noopener\" target=\"_blank\">Putin<\/a> nicht mehr ernst genommen wird, und deshalb wollte ich ein neues Format, dass wir mit Putin direkt als Europ\u00e4ische Union sprechen.\u201c<\/p>\n<p><b>Merkel beklagt: \u201eDas wurde von einigen nicht unterst\u00fctzt. Das waren vor allem die Baltischen Staaten, aber auch <\/b><a href=\"https:\/\/www.bild.de\/news\/ausland\/polen\/thema-polen-alle-infos-80023136.bild.html\" class=\"text-link\" rel=\"nofollow noopener\" target=\"_blank\"><b>Polen<\/b><\/a><b> war dagegen.\u201c Die vier L\u00e4nder h\u00e4tten \u201eAngst\u201c gehabt, \u201edass wir keine gemeinsame Politik gegen\u00fcber Russland haben\u201c.<\/b><\/p>\n<p>Merkels ganz eigene Lesart der Vorkriegsgeschichte: \u201eAuf jeden Fall ist es nicht zustande gekommen. Dann bin ich aus dem Amt geschieden, und dann hat die Aggression Putins begonnen.\u201c<\/p>\n<p><b>Was Merkel nicht sagt: Dass <\/b><a href=\"https:\/\/www.bild.de\/politik\/ausland\/russland\/russland-alle-infos-79315672.bild.html\" class=\"text-link\" rel=\"nofollow noopener\" target=\"_blank\"><b>Russland<\/b><\/a><b> im Rahmen des Minsker Abkommens zwischen 2015 und 2021 mehr als 5000 ukrainische Soldaten get\u00f6tet oder verwundet hatte, dass Putins Aggression gegen das Land keinesfalls erst nach ihrer Amtszeit ausbrach, sondern permanent anhielt und mit massiven Truppenverlegungen ab Fr\u00fchjahr 2021 die Vollinvasion gegen die Ukraine vorbereitete.<\/b><\/p>\n<p>Zudem behauptet die Kanzlerin erneut, dass das Coronavirus zum russischen Krieg gegen die Ukraine beigetragen habe. <\/p>\n<p>Mehr zum Thema<\/p>\n<p>\u201eWir konnten uns nicht mehr treffen\u201c, weil Putin \u201eAngst vor der Corona-Pandemie\u201c gehabt habe. Merkels Theorie: \u201eWenn man sich nicht treffen kann, wenn man nicht Auge in Auge die Meinungsverschiedenheiten austauschen kann, dann findet man auch keine neuen Kompromisse.\u201c <\/p>\n<p><b>Die Kanzlerin a.D. ist \u00fcberzeugt: \u201eVideokonferenzen haben daf\u00fcr nicht ausgereicht.\u201c Darum sei \u201eCorona der Hauptgrund\u201c, warum Russland sich politisch so radikalisiert und am Ende die Ukraine angegriffen habe.<\/b><\/p>\n","protected":false},"excerpt":{"rendered":"Berlin \u2013 Brisante Aussagen von Ex-Kanzlerin Angela Merkel: In einem Interview mit dem ungarischen Online-Medium \u201ePartizan\u201c hat sie&hellip;\n","protected":false},"author":2,"featured_media":475494,"comment_status":"","ping_status":"","sticky":false,"template":"","format":"standard","meta":{"footnotes":""},"categories":[4012],"tags":[331,332,13,4046,33,11171,14,15,3917,3082,307,12,45,317],"class_list":{"0":"post-475493","1":"post","2":"type-post","3":"status-publish","4":"format-standard","5":"has-post-thumbnail","7":"category-ukraine","8":"tag-aktuelle-nachrichten","9":"tag-aktuelle-news","10":"tag-headlines","11":"tag-krieg","12":"tag-merkel-angela","13":"tag-minsk","14":"tag-nachrichten","15":"tag-news","16":"tag-polen","17":"tag-putin-wladimir","18":"tag-russland","19":"tag-schlagzeilen","20":"tag-texttospeech","21":"tag-ukraine"},"share_on_mastodon":{"url":"https:\/\/pubeurope.com\/@de\/115322844873360588","error":""},"_links":{"self":[{"href":"https:\/\/www.europesays.com\/de\/wp-json\/wp\/v2\/posts\/475493","targetHints":{"allow":["GET"]}}],"collection":[{"href":"https:\/\/www.europesays.com\/de\/wp-json\/wp\/v2\/posts"}],"about":[{"href":"https:\/\/www.europesays.com\/de\/wp-json\/wp\/v2\/types\/post"}],"author":[{"embeddable":true,"href":"https:\/\/www.europesays.com\/de\/wp-json\/wp\/v2\/users\/2"}],"replies":[{"embeddable":true,"href":"https:\/\/www.europesays.com\/de\/wp-json\/wp\/v2\/comments?post=475493"}],"version-history":[{"count":0,"href":"https:\/\/www.europesays.com\/de\/wp-json\/wp\/v2\/posts\/475493\/revisions"}],"wp:featuredmedia":[{"embeddable":true,"href":"https:\/\/www.europesays.com\/de\/wp-json\/wp\/v2\/media\/475494"}],"wp:attachment":[{"href":"https:\/\/www.europesays.com\/de\/wp-json\/wp\/v2\/media?parent=475493"}],"wp:term":[{"taxonomy":"category","embeddable":true,"href":"https:\/\/www.europesays.com\/de\/wp-json\/wp\/v2\/categories?post=475493"},{"taxonomy":"post_tag","embeddable":true,"href":"https:\/\/www.europesays.com\/de\/wp-json\/wp\/v2\/tags?post=475493"}],"curies":[{"name":"wp","href":"https:\/\/api.w.org\/{rel}","templated":true}]}}