{"id":475891,"date":"2025-10-05T21:45:13","date_gmt":"2025-10-05T21:45:13","guid":{"rendered":"https:\/\/www.europesays.com\/de\/475891\/"},"modified":"2025-10-05T21:45:13","modified_gmt":"2025-10-05T21:45:13","slug":"kissinger-sc-dreht-03-gegen-lechhausen-mering-ii-verliert-in-ottmarshausen-der-tsv-merching-siegt-souveraen","status":"publish","type":"post","link":"https:\/\/www.europesays.com\/de\/475891\/","title":{"rendered":"Kissinger SC dreht 0:3 gegen Lechhausen Mering II verliert in Ottmarshausen, der TSV Merching siegt souver\u00e4n"},"content":{"rendered":"<p class=\"mb-6 text-xs md:text-m lg:text-l font-serif group-[.font-sans]:font-sans \">\n    Mit 0:3 Toren lag der Kissinger SC gestern in seinem Kreisliga-Heimspiel gegen die DJK Lechhausen bereits zur\u00fcck. Geradezu aussichtslos, m\u00f6chte man sagen. Wer nun mit einer Heimniederlage gerechnet hatte, der hatte sich aber gr\u00fcndlich get\u00e4uscht. Denn am Ende jubelte der KSC als 4:3-Sieger. Die zweite Mannschaft des SV Mering kassierte eine weitere Niederlage, sie verlor in Ottmarshausen mit 2:4. Und oben l\u00e4sst sich der TSV Merching nicht stoppen, er gewann in Welden mit 4:1.\n  <\/p>\n<ul data-module-id=\"DragDropModule\" class=\"flex flex-wrap justify-start group-[.no-bookmarks]:hidden\">\n<li class=\"mb-3 mr-3\">\n    Johann Eibl<\/p>\n<p>      Icon Haken im Kreis gesetzt<\/p>\n<p>      Icon Plus im Kreis<\/p>\n<\/li>\n<li class=\"mb-3 mr-3\">\n    86415 Mering<\/p>\n<p>      Icon Haken im Kreis gesetzt<\/p>\n<p>      Icon Plus im Kreis<\/p>\n<\/li>\n<li class=\"mb-3 mr-3\">\n    Karlsruher SC<\/p>\n<p>      Icon Haken im Kreis gesetzt<\/p>\n<p>      Icon Plus im Kreis<\/p>\n<\/li>\n<\/ul>\n","protected":false},"excerpt":{"rendered":"Mit 0:3 Toren lag der Kissinger SC gestern in seinem Kreisliga-Heimspiel gegen die DJK Lechhausen bereits zur\u00fcck. Geradezu&hellip;\n","protected":false},"author":2,"featured_media":475892,"comment_status":"","ping_status":"","sticky":false,"template":"","format":"standard","meta":{"footnotes":""},"categories":[1846],"tags":[680,772,3364,29,548,663,3934,30,13,14,15,12],"class_list":{"0":"post-475891","1":"post","2":"type-post","3":"status-publish","4":"format-standard","5":"has-post-thumbnail","7":"category-augsburg","8":"tag-augsburg","9":"tag-bayern","10":"tag-de","11":"tag-deutschland","12":"tag-eu","13":"tag-europa","14":"tag-europe","15":"tag-germany","16":"tag-headlines","17":"tag-nachrichten","18":"tag-news","19":"tag-schlagzeilen"},"share_on_mastodon":{"url":"https:\/\/pubeurope.com\/@de\/115323753196158883","error":""},"_links":{"self":[{"href":"https:\/\/www.europesays.com\/de\/wp-json\/wp\/v2\/posts\/475891","targetHints":{"allow":["GET"]}}],"collection":[{"href":"https:\/\/www.europesays.com\/de\/wp-json\/wp\/v2\/posts"}],"about":[{"href":"https:\/\/www.europesays.com\/de\/wp-json\/wp\/v2\/types\/post"}],"author":[{"embeddable":true,"href":"https:\/\/www.europesays.com\/de\/wp-json\/wp\/v2\/users\/2"}],"replies":[{"embeddable":true,"href":"https:\/\/www.europesays.com\/de\/wp-json\/wp\/v2\/comments?post=475891"}],"version-history":[{"count":0,"href":"https:\/\/www.europesays.com\/de\/wp-json\/wp\/v2\/posts\/475891\/revisions"}],"wp:featuredmedia":[{"embeddable":true,"href":"https:\/\/www.europesays.com\/de\/wp-json\/wp\/v2\/media\/475892"}],"wp:attachment":[{"href":"https:\/\/www.europesays.com\/de\/wp-json\/wp\/v2\/media?parent=475891"}],"wp:term":[{"taxonomy":"category","embeddable":true,"href":"https:\/\/www.europesays.com\/de\/wp-json\/wp\/v2\/categories?post=475891"},{"taxonomy":"post_tag","embeddable":true,"href":"https:\/\/www.europesays.com\/de\/wp-json\/wp\/v2\/tags?post=475891"}],"curies":[{"name":"wp","href":"https:\/\/api.w.org\/{rel}","templated":true}]}}