{"id":476651,"date":"2025-10-06T05:20:30","date_gmt":"2025-10-06T05:20:30","guid":{"rendered":"https:\/\/www.europesays.com\/de\/476651\/"},"modified":"2025-10-06T05:20:30","modified_gmt":"2025-10-06T05:20:30","slug":"vfb-stuttgart-deshalb-hat-platz-vier-nur-wenig-aussagekraft","status":"publish","type":"post","link":"https:\/\/www.europesays.com\/de\/476651\/","title":{"rendered":"VfB Stuttgart: Deshalb hat Platz vier nur wenig Aussagekraft"},"content":{"rendered":"<p>\t\t\t\t\t\t\t\t\t\t\t\t\t\t\t\t\t\t\t\t\t\t\t\t\t\t\t\t      \t\t            \t\t             \t\t\t\t   \t\t\t\t\t   <img decoding=\"async\" id=\"article-image\" fetchpriority=\"high\" alt=\"VfB Stuttgart: Deshalb hat Platz vier nur wenig Aussagekraft\" title=\"VfB Stuttgart: Deshalb hat Platz vier nur wenig Aussagekraft\" src=\"https:\/\/www.europesays.com\/de\/wp-content\/uploads\/2025\/10\/media.media.86a40a85-2025-4ce4-b70f-73e633da7309.16x9_700.jpg\" data-linkto=\"https:\/\/www.stuttgarter-nachrichten.de\/javascript:void(0);\"\/>\t\t\t\t\t\t\t\t\t\t\t\t\t\t\t\t\t\t\t\t\t\t\t\tTorj\u00e4ger Ermedin Demirovic, Trainer Sebastian Hoene\u00df: Auch nach dem Sprung auf Platz vier gibt es beim VfB Stuttgart Redebedarf.\u00a0Foto: Imago\/kolbert-press\t\t\t<\/p>\n<p>Der VfB Stuttgart steht auf einem Champions-League-Platz, ist nach Meinung unseres Autors Jochen Klingovsky aber (noch) kein Spitzenteam \u2013 und die schweren Gegner kommen erst.<\/p>\n<p>Das Heimspiel des <a href=\"https:\/\/www.stuttgarter-nachrichten.de\/thema\/VfB_Stuttgart\" title=\"VfB Stuttgart\" class=\"art_thema\" target=\"_blank\" rel=\"noopener\">VfB Stuttgart<\/a> gegen den 1. FC <a href=\"https:\/\/www.stuttgarter-nachrichten.de\/thema\/Heidenheim\" title=\"Heidenheim\" class=\"art_thema\" target=\"_blank\" rel=\"noopener\">Heidenheim<\/a> stand unter dem Motto \u201eBildung\u201c: Die Akademie des Fu\u00dfball-Bundesligisten, die sich diesem Thema widmet, pr\u00e4sentierte im Stadion ihre Angebote. Dazu passend stellte sich nach dem 1:0-Sieg der VfB-Kicker die Frage: Welche Erkenntnisse lassen sich aus diesem Auftritt ziehen?<\/p>\n<p>Die positiven Punkte vorneweg: Der VfB ist durch den dritten Heimsieg in Serie auf Platz vier gesprungen, vor eigenem Publikum weiter ohne Gegentor und hat es geschafft, nur drei Tage nach der Pleite in der Europa League beim FC Basel eine erstaunliche Energieleistung abzurufen. Die Spieler zeigten gro\u00dfen Siegeswillen und liefen insgesamt 122 Kilometer, weshalb Trainer Sebastian Hoene\u00df zurecht konstatierte, dass sein Team sich auf dem richtigen Weg befindet. Und trotzdem t\u00e4uscht der vierte Tabellenplatz \u2013 denn eine Spitzenmannschaft ist der VfB (noch) nicht. <\/p>\n<p>Erst <a href=\"https:\/\/www.stuttgarter-nachrichten.de\/thema\/Angelo_Stiller\" title=\"Angelo Stiller\" class=\"art_thema\" target=\"_blank\" rel=\"noopener\">Angelo Stiller<\/a> bringt die n\u00f6tige Struktur <\/p>\n<p>Auch gegen den 1. FC Heidenheim war, vor allem in der ersten H\u00e4lfte, zu sehen, wie schwer sich der VfB gegen tief stehende Kontrahenten tut, die nur auf Konter lauern. Spielerisch ging wenig bis nichts, es fehlte an Dynamik, Tempo und Ideen. Erst die Einwechslung des bis dahin geschonten Angelo Stiller brachte die n\u00f6tige Struktur (57.). <\/p>\n<p><img decoding=\"async\" class=\"meinvfbIcon\" src=\"https:\/\/www.stuttgarter-nachrichten.de\/media.media.0ea35dc3-cd0f-4f5f-9738-e5db772ac229.original.svg\"\/> <\/p>\n<p>Kurz danach fiel das Siegtor durch Bilal El Khannouss, nach dem der VfB es allerdings vers\u00e4umte, den zweiten Treffer nachzulegen und die Partie zu entscheiden. Damit haderte Sebastian Hoene\u00df, und auch das v\u00f6llig zurecht.<\/p>\n<p>  <img decoding=\"async\" loading=\"lazy\" src=\"https:\/\/www.europesays.com\/de\/wp-content\/uploads\/2025\/10\/media.media.697bd00c-fd70-4270-a037-47a1212449e2.original1024.media.jpeg\"\/>     Zwei Gewinner-Typen: Torsch\u00fctze Bilal El Khannouss (li.) und Abwehrchef Jeff Chabot.    Foto: Imago\/Baumann    <\/p>\n<p>Dies l\u00e4sst nur einen Schluss zu: Der Coach wei\u00df Position vier ganz sicher richtig einzusch\u00e4tzen. Erst recht, weil der VfB bisher noch gegen kein Top-Team gespielt hat. Die Partien gegen den FC Bayern, Borussia Dortmund, RB Leipzig, Bayer Leverkusen und Eintracht Frankfurt stehen noch aus. Folglich hat das Zwischenzeugnis nach sechs Spieltagen auch nicht allzu viel Aussagekraft. Trotz des vierten Platzes w\u00fcrde vermutlich selbst die vereinseigene Bildungsakademie angesichts der verpatzten Ausw\u00e4rtsaufgaben bei Union Berlin und in Freiburg keine bessere Note als 2,5 vergeben \u2013 vor den wirklich harten Pr\u00fcfungen gibt es spielerisch noch reichlich Luft nach oben.<\/p>\n","protected":false},"excerpt":{"rendered":"Torj\u00e4ger Ermedin Demirovic, Trainer Sebastian Hoene\u00df: Auch nach dem Sprung auf Platz vier gibt es beim VfB Stuttgart&hellip;\n","protected":false},"author":2,"featured_media":476652,"comment_status":"","ping_status":"","sticky":false,"template":"","format":"standard","meta":{"footnotes":""},"categories":[1830],"tags":[3570,1634,104875,299,3364,29,23844,30,27963,15873,4693,3074,3497,1441,2915],"class_list":{"0":"post-476651","1":"post","2":"type-post","3":"status-publish","4":"format-standard","5":"has-post-thumbnail","7":"category-stuttgart","8":"tag-angelo-stiller","9":"tag-baden-wuerttemberg","10":"tag-bilal-el-khannouss","11":"tag-bundesliga","12":"tag-de","13":"tag-deutschland","14":"tag-gegentor","15":"tag-germany","16":"tag-heidenheim","17":"tag-heimsieg","18":"tag-kommentar","19":"tag-meinung","20":"tag-sebastian-hoeness","21":"tag-stuttgart","22":"tag-vfb-stuttgart"},"share_on_mastodon":{"url":"https:\/\/pubeurope.com\/@de\/115325542484941699","error":""},"_links":{"self":[{"href":"https:\/\/www.europesays.com\/de\/wp-json\/wp\/v2\/posts\/476651","targetHints":{"allow":["GET"]}}],"collection":[{"href":"https:\/\/www.europesays.com\/de\/wp-json\/wp\/v2\/posts"}],"about":[{"href":"https:\/\/www.europesays.com\/de\/wp-json\/wp\/v2\/types\/post"}],"author":[{"embeddable":true,"href":"https:\/\/www.europesays.com\/de\/wp-json\/wp\/v2\/users\/2"}],"replies":[{"embeddable":true,"href":"https:\/\/www.europesays.com\/de\/wp-json\/wp\/v2\/comments?post=476651"}],"version-history":[{"count":0,"href":"https:\/\/www.europesays.com\/de\/wp-json\/wp\/v2\/posts\/476651\/revisions"}],"wp:featuredmedia":[{"embeddable":true,"href":"https:\/\/www.europesays.com\/de\/wp-json\/wp\/v2\/media\/476652"}],"wp:attachment":[{"href":"https:\/\/www.europesays.com\/de\/wp-json\/wp\/v2\/media?parent=476651"}],"wp:term":[{"taxonomy":"category","embeddable":true,"href":"https:\/\/www.europesays.com\/de\/wp-json\/wp\/v2\/categories?post=476651"},{"taxonomy":"post_tag","embeddable":true,"href":"https:\/\/www.europesays.com\/de\/wp-json\/wp\/v2\/tags?post=476651"}],"curies":[{"name":"wp","href":"https:\/\/api.w.org\/{rel}","templated":true}]}}