{"id":477021,"date":"2025-10-06T08:53:11","date_gmt":"2025-10-06T08:53:11","guid":{"rendered":"https:\/\/www.europesays.com\/de\/477021\/"},"modified":"2025-10-06T08:53:11","modified_gmt":"2025-10-06T08:53:11","slug":"boersen-im-minus-frankreich-erneut-ohne-regierung","status":"publish","type":"post","link":"https:\/\/www.europesays.com\/de\/477021\/","title":{"rendered":"B\u00f6rsen im Minus; Frankreich erneut ohne Regierung"},"content":{"rendered":"<p>(Alliance News) &#8211; Die wichtigsten europ\u00e4ischen B\u00f6rsen haben die Woche mit Verlusten er\u00f6ffnet, w\u00e4hrend sich die Aufmerksamkeit der Anleger auf die politischen Entwicklungen richtet.<\/p>\n<p>\nIn Frankreich hat Pr\u00e4sident Emmanuel Macron laut Angaben des \u00c9lys\u00e9e-Palasts den R\u00fccktritt von Premierminister S\u00e9bastien Lecornu angenommen und damit die zweitgr\u00f6\u00dfte Volkswirtschaft der Eurozone weiter in eine politische Blockade gest\u00fcrzt.<\/p>\n<p>\nIn Italien zeigte sich die Baubranche zum Ende des dritten Quartals stabil, gest\u00fctzt durch einen erneuten Anstieg der Neuauftr\u00e4ge und ein moderates Besch\u00e4ftigungswachstum, wie am Montag von S&amp;P Global ver\u00f6ffentlichte Daten zeigen.<\/p>\n<p>\nDer Einkaufsmanagerindex (PMI) f\u00fcr das Baugewerbe in Italien stieg im September auf 49,8 Punkte, nach 47,7 Punkten im August, und n\u00e4herte sich damit der 50,0-Punkte-Marke, die zwischen Kontraktion und Expansion unterscheidet. Das Ergebnis signalisiert den geringsten Produktionsr\u00fcckgang seit drei Monaten.<\/p>\n<p>\nSo notiert der FTSE Mib aktuell mit einem Minus von 0,6\u00a0% bei 42.985,17 Punkten.<\/p>\n<p>\nBei den Nebenwerten f\u00e4llt der Mid-Cap um 0,6\u00a0% auf 57.865,79 Punkte, der Small-Cap legt um 0,2\u00a0% auf 37.502,05 Punkte zu und der Italia Growth steigt um 0,9\u00a0% auf 8.754,18 Punkte.<\/p>\n<p>\nDer CAC 40 in Paris verliert 0,7\u00a0%, der FTSE 100 in London gibt 0,1\u00a0% nach, w\u00e4hrend der DAX 40 in Frankfurt leicht im Plus notiert.<\/p>\n<p>\nIm Mib kann Stellantis deutlich zulegen und steigt um 2,3\u00a0% auf 9,23 EUR je Aktie &#8211; die vierte positive Sitzung in Folge, sofern dies bis Handelsschluss best\u00e4tigt wird.<\/p>\n<p>\nAuch Tenaris zeigt St\u00e4rke und gewinnt nach zwei Verlusttagen 1,6\u00a0%. <\/p>\n<p>\nMoncler steigt um 1,0\u00a0% auf 51,52 EUR je Aktie. Bemerkenswert: Goldman Sachs hat das Kursziel von zuvor 57,00 EUR auf jetzt 59,00 EUR angehoben.<\/p>\n<p>\nLeonardo legt um 0,2\u00a0% zu. Die Deutsche Bank hat das Kursziel f\u00fcr die Aktie von 52,00 EUR auf 57,00 EUR erh\u00f6ht.<\/p>\n<p>\nIm Mid-Cap-Segment steigt WIIT um 2,6\u00a0% und verzeichnet damit die dritte positive Sitzung in Folge.<\/p>\n<p>\nPharmanutra legt um 3,4\u00a0% zu und markiert damit die dritte aufeinanderfolgende bullishe Tageskerze.<\/p>\n<p>\nAnima Holding &#8211; unver\u00e4ndert bei 4,16 EUR &#8211; teilte am Freitag mit, dass Alessandro Melzi d&#8217;Eril mit sofortiger Wirkung als CEO und Generaldirektor zur\u00fccktritt, um sich neuen beruflichen M\u00f6glichkeiten zu widmen. Er legte auch die entsprechenden \u00c4mter bei der Tochtergesellschaft Anima SGR Spa nieder.<\/p>\n<p>\nAm Ende des Index steht Safilo, das nach zwei positiven Sitzungen um 5,2\u00a0% nachgibt.<\/p>\n<p>\nIm Small-Cap-Segment steigt Seri Industrial um 4,1\u00a0% und verbucht damit die vierte bullishe Tageskerze in Folge.<\/p>\n<p>\nFidia legt um 3,8\u00a0% zu und dreht damit nach drei negativen Sitzungen ins Plus.<\/p>\n<p>\nFiera Milano &#8211; im gr\u00fcnen Bereich mit plus 0,7\u00a0% &#8211; gab am Freitag bekannt, das Aktienr\u00fcckkaufprogramm mit dem Erwerb von 45.000 eigenen Aktien zwischen dem 29. September und dem 1. Oktober fortgesetzt zu haben, f\u00fcr einen Gesamtwert von rund 328.000 EUR.<\/p>\n<p>\nDigital Value gibt um 2,0\u00a0% nach und wird nach vier positiven Sitzungen von Gewinnmitnahmen belastet.<\/p>\n<p>\nBei den KMU legt Doxee um 7,1\u00a0% auf 4,23 EUR je Aktie zu, nachdem ein neues 52-Wochen-Hoch von 4,35 EUR erreicht wurde.<\/p>\n<p>\nLindbergh &#8211; mit einem Plus von 6,1\u00a0% &#8211; gab am Montag den Abschluss eines bindenden Vertrags zur \u00dcbernahme von 100\u00a0% der Anteile an Alpiclima di Giuseppe Camaglio &amp; C. Srl bekannt. Die Transaktion wurde \u00fcber die Lindbergh-Tochter SMIT Srl abgewickelt und betrifft Alpiclima, ein piemontesisches Unternehmen, das sich auf die Installation und Wartung von Heizungs-, Klima- und Wasseraufbereitungsanlagen f\u00fcr den zivilen und industriellen Bereich spezialisiert hat.<\/p>\n<p>\nGambero Rosso steigt um 4,1\u00a0% auf 0,2520 EUR, nachdem die Aktie am Vortag um 7,6\u00a0% gefallen war.<\/p>\n<p>\nUnter den wenigen Verlierern gibt Lucisano Group 6,9\u00a0% nach, nach einem Minus von 0,9\u00a0% am Vortag.<\/p>\n<p>\nIn New York schloss der Dow Jones am Freitagabend mit einem Plus von 0,5\u00a0%, der Nasdaq verlor 0,3\u00a0%, w\u00e4hrend der S&amp;P 500 leicht im Plus aus dem Handel ging.<\/p>\n<p>\nIn Asien schloss der Nikkei mit einem Plus von 4,9\u00a0% &#8211; ausgel\u00f6st durch das Ergebnis der parteiinternen Abstimmung der Regierungspartei, das den Weg f\u00fcr die Ernennung der Abgeordneten Sanae Takaichi ebnete, die f\u00fcr ihre fiskalpolitisch lockere Haltung und bef\u00fcrwortende Position zu Konjunkturma\u00dfnahmen bekannt ist, als n\u00e4chste Premierministerin Japans.<\/p>\n<p>\nDer Hang Seng in Hongkong schloss mit einem Minus von 0,6\u00a0%, w\u00e4hrend der Shanghai Composite wegen eines nationalen Feiertags geschlossen blieb.<\/p>\n<p>\nAm Devisenmarkt notiert der Euro bei 1,1714 USD nach 1,1738 USD zum B\u00f6rsenschluss am Freitag, das Pfund bei 1,3439 USD nach 1,3467 USD am Freitagabend.<\/p>\n<p>\nBei den Rohstoffen wird Brent-\u00d6l zu 65,23 USD je Barrel gehandelt, nach 64,73 USD am Freitag, w\u00e4hrend Gold bei 3.926,27 USD je Unze notiert, nach 3.880,25 USD am Freitagabend.<\/p>\n<p>\nAuf dem Wirtschaftskalender am Montag bleibt die chinesische B\u00f6rse wegen eines Feiertags geschlossen; um 10:30\u00a0Uhr MESZ richtet sich der Fokus auf das Verbrauchervertrauen in der Eurozone.<\/p>\n<p>\nUm 11:00\u00a0Uhr MESZ stehen die Einzelhandelsums\u00e4tze der Eurozone an, und um 19:00\u00a0Uhr MESZ wird eine Rede der EZB-Pr\u00e4sidentin Christine Lagarde erwartet.<\/p>\n<p>\nVon der Piazza Affari werden die Neunmonatszahlen von CleanBnB erwartet.<\/p>\n<p>\nVon Maurizio Carta, Alliance News Reporter<\/p>\n<p>\nKommentare und Fragen an redaktion@alliancenews.com<\/p>\n<p>\nCopyright 2025 Alliance News IS Italian Service Ltd. Alle Rechte vorbehalten.<\/p>\n<p><\/p>\n","protected":false},"excerpt":{"rendered":"(Alliance News) &#8211; Die wichtigsten europ\u00e4ischen B\u00f6rsen haben die Woche mit Verlusten er\u00f6ffnet, w\u00e4hrend sich die Aufmerksamkeit der&hellip;\n","protected":false},"author":2,"featured_media":477022,"comment_status":"","ping_status":"","sticky":false,"template":"","format":"standard","meta":{"footnotes":""},"categories":[3974],"tags":[331,332,665,548,663,3934,3980,156,13,14,15,12],"class_list":{"0":"post-477021","1":"post","2":"type-post","3":"status-publish","4":"format-standard","5":"has-post-thumbnail","7":"category-frankreich","8":"tag-aktuelle-nachrichten","9":"tag-aktuelle-news","10":"tag-boerse","11":"tag-eu","12":"tag-europa","13":"tag-europe","14":"tag-france","15":"tag-frankreich","16":"tag-headlines","17":"tag-nachrichten","18":"tag-news","19":"tag-schlagzeilen"},"share_on_mastodon":{"url":"https:\/\/pubeurope.com\/@de\/115326379971421104","error":""},"_links":{"self":[{"href":"https:\/\/www.europesays.com\/de\/wp-json\/wp\/v2\/posts\/477021","targetHints":{"allow":["GET"]}}],"collection":[{"href":"https:\/\/www.europesays.com\/de\/wp-json\/wp\/v2\/posts"}],"about":[{"href":"https:\/\/www.europesays.com\/de\/wp-json\/wp\/v2\/types\/post"}],"author":[{"embeddable":true,"href":"https:\/\/www.europesays.com\/de\/wp-json\/wp\/v2\/users\/2"}],"replies":[{"embeddable":true,"href":"https:\/\/www.europesays.com\/de\/wp-json\/wp\/v2\/comments?post=477021"}],"version-history":[{"count":0,"href":"https:\/\/www.europesays.com\/de\/wp-json\/wp\/v2\/posts\/477021\/revisions"}],"wp:featuredmedia":[{"embeddable":true,"href":"https:\/\/www.europesays.com\/de\/wp-json\/wp\/v2\/media\/477022"}],"wp:attachment":[{"href":"https:\/\/www.europesays.com\/de\/wp-json\/wp\/v2\/media?parent=477021"}],"wp:term":[{"taxonomy":"category","embeddable":true,"href":"https:\/\/www.europesays.com\/de\/wp-json\/wp\/v2\/categories?post=477021"},{"taxonomy":"post_tag","embeddable":true,"href":"https:\/\/www.europesays.com\/de\/wp-json\/wp\/v2\/tags?post=477021"}],"curies":[{"name":"wp","href":"https:\/\/api.w.org\/{rel}","templated":true}]}}