{"id":477099,"date":"2025-10-06T09:37:20","date_gmt":"2025-10-06T09:37:20","guid":{"rendered":"https:\/\/www.europesays.com\/de\/477099\/"},"modified":"2025-10-06T09:37:20","modified_gmt":"2025-10-06T09:37:20","slug":"ausleihzahlen-verdoppelt-so-gefragt-sind-buecher-aus-der-buecherei-in-kaisersesch-kreis-cochem-zell","status":"publish","type":"post","link":"https:\/\/www.europesays.com\/de\/477099\/","title":{"rendered":"Ausleihzahlen verdoppelt: So gefragt sind B\u00fccher aus der B\u00fccherei in Kaisersesch &#8211; Kreis Cochem-Zell"},"content":{"rendered":"<p>Ausleihzahlen verdoppelt<\/p>\n<p>So gefragt sind B\u00fccher aus der B\u00fccherei in Kaisersesch<\/p>\n<p>06.10.2025, 11:02 Uhr<img loading=\"lazy\" decoding=\"async\" src=\"https:\/\/www.europesays.com\/de\/wp-content\/uploads\/2025\/10\/4149549_1_figurenolazy_kob-kesch-johann-und-gobel-img_4444.jpeg\" alt=\"\" title=\"\" width=\"960\" height=\"540\" class=\"img-fluid\"\/>iMarianne Johann (links) leitet die katholische \u00f6ffentliche B\u00fccherei in Kaisersesch. Unterst\u00fctzt wird sie von Marlene G\u00f6bel und anderen. Die Lehrerinnen im Ruhestand arbeiten ehrenamtlich in der B\u00fccherei, weil sie wissen, wie wichtig Lesef\u00f6rderung f\u00fcr Kinder ist. Meier Brigitte<\/p>\n<p class=\"teaser\">In der katholischen \u00f6ffentlichen B\u00fccherei Kaisersesch stehen gegenw\u00e4rtig 2610 Medien zur kostenlosen Leihe bereit. In der Mehrzahl sind es B\u00fccher. Doch wie gefragt ist Gedrucktes in Zeiten des Internets noch?\u00a0<\/p>\n<p> Lesen zu k\u00f6nnen, ist die Schl\u00fcsselkompetenz schlechthin, die es Kindern erm\u00f6glicht, das Leben zu meistern und die Welt zu erobern. Erwachsene erweitern mit B\u00fcchern ihren Horizont, vertiefen ihre Bildung und verbessern die Kommunikation, und nicht zuletzt trainiert lebenslanges Lesen das Gehirn.<\/p>\n<p>Artikel teilen <\/p>\n<p>Ressort und Schlagw\u00f6rterKreis Cochem-ZellBildung<\/p>\n","protected":false},"excerpt":{"rendered":"Ausleihzahlen verdoppelt So gefragt sind B\u00fccher aus der B\u00fccherei in Kaisersesch 06.10.2025, 11:02 UhriMarianne Johann (links) leitet die&hellip;\n","protected":false},"author":2,"featured_media":477100,"comment_status":"","ping_status":"","sticky":false,"template":"","format":"standard","meta":{"footnotes":""},"categories":[1774],"tags":[752,1784,1785,29,214,30,47208,215],"class_list":{"0":"post-477099","1":"post","2":"type-post","3":"status-publish","4":"format-standard","5":"has-post-thumbnail","7":"category-buecher","8":"tag-bildung","9":"tag-books","10":"tag-buecher","11":"tag-deutschland","12":"tag-entertainment","13":"tag-germany","14":"tag-kaisersesch","15":"tag-unterhaltung"},"share_on_mastodon":{"url":"https:\/\/pubeurope.com\/@de\/115326553002201318","error":""},"_links":{"self":[{"href":"https:\/\/www.europesays.com\/de\/wp-json\/wp\/v2\/posts\/477099","targetHints":{"allow":["GET"]}}],"collection":[{"href":"https:\/\/www.europesays.com\/de\/wp-json\/wp\/v2\/posts"}],"about":[{"href":"https:\/\/www.europesays.com\/de\/wp-json\/wp\/v2\/types\/post"}],"author":[{"embeddable":true,"href":"https:\/\/www.europesays.com\/de\/wp-json\/wp\/v2\/users\/2"}],"replies":[{"embeddable":true,"href":"https:\/\/www.europesays.com\/de\/wp-json\/wp\/v2\/comments?post=477099"}],"version-history":[{"count":0,"href":"https:\/\/www.europesays.com\/de\/wp-json\/wp\/v2\/posts\/477099\/revisions"}],"wp:featuredmedia":[{"embeddable":true,"href":"https:\/\/www.europesays.com\/de\/wp-json\/wp\/v2\/media\/477100"}],"wp:attachment":[{"href":"https:\/\/www.europesays.com\/de\/wp-json\/wp\/v2\/media?parent=477099"}],"wp:term":[{"taxonomy":"category","embeddable":true,"href":"https:\/\/www.europesays.com\/de\/wp-json\/wp\/v2\/categories?post=477099"},{"taxonomy":"post_tag","embeddable":true,"href":"https:\/\/www.europesays.com\/de\/wp-json\/wp\/v2\/tags?post=477099"}],"curies":[{"name":"wp","href":"https:\/\/api.w.org\/{rel}","templated":true}]}}