{"id":477112,"date":"2025-10-06T09:46:13","date_gmt":"2025-10-06T09:46:13","guid":{"rendered":"https:\/\/www.europesays.com\/de\/477112\/"},"modified":"2025-10-06T09:46:13","modified_gmt":"2025-10-06T09:46:13","slug":"gaza-verhandlungen-jetzt-beginnt-der-kriegs-krimi-in-kairo-politik","status":"publish","type":"post","link":"https:\/\/www.europesays.com\/de\/477112\/","title":{"rendered":"Gaza-Verhandlungen: Jetzt beginnt der Kriegs-Krimi in Kairo | Politik"},"content":{"rendered":"<p>Berlin\/Kairo \u2013 <b>Es geht um Krieg und Frieden \u2013 und ganz besonders um die israelischen Geiseln im Gazastreifen. Am Montag beginnen in \u00c4gyptens Hauptstadt Kairo die m\u00f6glicherweise finalen Verhandlungen zwischen Israel und der Hamas.<\/b><\/p>\n<p>US-Pr\u00e4sident <a href=\"https:\/\/www.bild.de\/politik\/leute\/donald-trump\/thema-donald-trump-alle-infos-80018378.bild.html\" class=\"text-link\" target=\"_blank\" rel=\"noopener\">Donald Trump<\/a> postete am Sonntag auf seiner Social-Media-Plattform \u201eTruth Social\u201c, dass die technischen Verhandlungsteams am Montag beraten wollten, \u201eum die letzten Details zu kl\u00e4ren\u201c.<\/p>\n<p><img decoding=\"async\" width=\"992\" height=\"558\" alt=\"US-Pr\u00e4sident Donald Trump hat den 20-Punkte-Plan f\u00fcr Frieden in Gaza vorgelegt. Am Sonntag machte er noch einmal Druck auf die Verhandlungsparteien\" src=\"https:\/\/www.europesays.com\/de\/wp-content\/uploads\/2025\/10\/8f6d878f0b921e7fd7f7e65bd912c013,e6e9af1d\"   class=\"landscape\" loading=\"lazy\"\/><\/p>\n<p class=\"fig__caption__text\">US-Pr\u00e4sident Donald Trump (79) hat den 20-Punkte-Plan f\u00fcr Frieden in Gaza vorgelegt. Am Sonntag machte er noch einmal Druck auf die Verhandlungsparteien<\/p>\n<p>Foto: UPI\/laif<\/p>\n<p>Zun\u00e4chst soll es um die Freilassung der verbliebenen 48 Geiseln im Gegenzug f\u00fcr eine Waffenruhe im <a href=\"https:\/\/www.bild.de\/news\/ausland\/palaestinenser-terror-in-der-nacht-raketen-beschuss-auf-israel-85661094.bild.html\" class=\"text-link\" target=\"_blank\" rel=\"noopener\">Gaza-Krieg<\/a> und die Entlassung Hunderter pal\u00e4stinensischer H\u00e4ftlinge (darunter viele Terroristen und M\u00f6rder) gehen. Laut der Zeitung \u201eIsrael Hayom\u201c sollen 20 noch lebende Geiseln nach einer Einigung innerhalb von 72 Stunden freigelassen werden. Die \u00dcbergabe der sterblichen \u00dcberreste von 28 toten Geiseln k\u00f6nnte l\u00e4nger dauern.<\/p>\n<p>Trump droht mit \u201emassivem Blutvergie\u00dfen\u201c<\/p>\n<p>Am Sonntag machte Trump vor allem in Richtung Hamas noch einmal Druck: \u201eMir wurde gesagt, dass die erste Phase diese Woche abgeschlossen sein sollte, und ich bitte alle, sich zu beeilen\u201c, schrieb er auf \u201eTruth Social\u201c. Zuvor hatte er der Hamas gedroht: \u201eSonst wird es zu massivem Blutvergie\u00dfen kommen \u2013 etwas, das niemand sehen m\u00f6chte!\u201c<\/p>\n<p>Ein direktes Aufeinandertreffen der Vertreter von Hamas und <a href=\"https:\/\/www.bild.de\/news\/ausland\/israel\/thema-israel-alle-infos-80028948.bild.html\" class=\"text-link\" target=\"_blank\" rel=\"noopener\">Israel<\/a> ist vorerst nicht geplant. Verhandlungsteams sollen zwischen ihnen vermitteln.<\/p>\n<p>Mehr zum Thema<\/p>\n<p>\u25ba US-Pr\u00e4sident Trump hat daf\u00fcr seinen Schwiegersohn und erfahrenen Nahost-Verhandler Jared Kushner (44) und Sonderbeauftragten Steve Witkoff (68) nach \u00c4gypten geschickt. Sie halten sich im \u00e4gyptischen Badeort Scharm el-Scheich an der S\u00fcdspitze der Sinai-Halbinsel auf. Witkoff f\u00fchrte schon im Januar Gespr\u00e4che zwischen Israel und der Hamas. Im Fr\u00fchjahr war er Trumps Unterh\u00e4ndler bei einem Treffen von <a href=\"https:\/\/www.bild.de\/politik\/ausland\/russland\/russland-alle-infos-79315672.bild.html\" class=\"text-link\" target=\"_blank\" rel=\"noopener\">Russland<\/a> und der <a href=\"https:\/\/www.bild.de\/news\/ausland\/ukraine\/thema-ukraine-alle-infos-80028690.bild.html\" class=\"text-link\" target=\"_blank\" rel=\"noopener\">Ukraine<\/a> in Saudi Arabien. Kushner verhandelte w\u00e4hrend Trumps erster Amtszeit die Friedensabkommen zwischen Israel und den arabischen Staaten.<\/p>\n<p><img decoding=\"async\" width=\"992\" height=\"558\" alt=\"Jared Kushner (44, l.) und Steve Witkoff (68) sollen f\u00fcr die USA die Verhandlungen um einen Frieden in Gaza f\u00fchren\" src=\"https:\/\/www.europesays.com\/de\/wp-content\/uploads\/2025\/10\/bd7b1e282ebbe4d113057323c43c40df,b252e183\"   class=\"landscape\" loading=\"lazy\"\/><\/p>\n<p class=\"fig__caption__text\">Jared Kushner (44, l.) und Steve Witkoff (68) sollen f\u00fcr die USA die Verhandlungen um einen Frieden in Gaza f\u00fchren<\/p>\n<p>Foto: BRENDAN SMIALOWSKI\/AFP<\/p>\n<p>Hamas-Verhandler entging Israel-Angriff<\/p>\n<p>\u25ba Eine israelische Delegation reist am Montag zu Gespr\u00e4chen \u00fcber den Gaza-Plan an. Sie wird von Ron Dermer (54) geleitet, dem Minister f\u00fcr strategische Angelegenheiten. Das hatte das B\u00fcro von Ministerpr\u00e4sident Benjamin Netanjahu (75) bekannt gegeben.<\/p>\n<p>Auch interessant<\/p>\n<p>Anzeige<\/p>\n<p>Auch interessant<\/p>\n<p>Anzeige<\/p>\n<p><b>\u25ba Von Seiten der Hamas reiste am Sonntag eine Delegation mit Chalil al-Hajja (65), dem h\u00f6chsten Hamas-Anf\u00fchrer im Ausland, nach Kairo. Al-Hajja war einer der Hamas-F\u00fchrer, die Israel beim Raketen-Angriff vom 9. September auf Katar treffen wollten. Er \u00fcberlebte, sein Terroristen-Sohn starb.<\/b><\/p>\n<p>Deutschland wird bei den Verhandlungen ebenfalls vertreten sein. Bundesau\u00dfenminister <a href=\"https:\/\/www.bild.de\/politik\/leute\/johann-wadephul-aktuelle-news-und-infos-FRRAp9KH1zmEw4dqDiGZ\" class=\"text-link\" target=\"_blank\" rel=\"noopener\">Johann Wadephul<\/a> (62, CDU) sprach am Sonntag mit Mohammed Al-Thani (45), dem Au\u00dfenminister von Katar. Wadephul sagte danach, es liege \u201enoch ein harter Weg von Verhandlungen vor uns allen\u201c.<\/p>\n<p><b>Am Montag will der deutsche Au\u00dfenminister in Tel Aviv den israelischen Au\u00dfenminister Gideon Saar (58) treffen. Danach plant er laut Bundeskanzler <\/b><a href=\"https:\/\/www.bild.de\/politik\/leute\/friedrich-merz\/friedrich-merz-alle-infos-76682054.bild.html\" class=\"text-link\" target=\"_blank\" rel=\"noopener\"><b>Friedrich Merz<\/b><\/a><b> (69, CDU) die Weiterreise nach \u00c4gypten.<\/b><\/p>\n","protected":false},"excerpt":{"rendered":"Berlin\/Kairo \u2013 Es geht um Krieg und Frieden \u2013 und ganz besonders um die israelischen Geiseln im Gazastreifen.&hellip;\n","protected":false},"author":2,"featured_media":477113,"comment_status":"","ping_status":"","sticky":false,"template":"","format":"standard","meta":{"footnotes":""},"categories":[3],"tags":[578,739,2547,410,13,411,14,19462,15,12,45,10,8,9,11,1017,42518,103,104],"class_list":{"0":"post-477112","1":"post","2":"type-post","3":"status-publish","4":"format-standard","5":"has-post-thumbnail","7":"category-welt","8":"tag-aegypten","9":"tag-gaza","10":"tag-gaza-streifen","11":"tag-hamas","12":"tag-headlines","13":"tag-israel","14":"tag-nachrichten","15":"tag-nahost-konflikt","16":"tag-news","17":"tag-schlagzeilen","18":"tag-texttospeech","19":"tag-top-news","20":"tag-top-meldungen","21":"tag-topmeldungen","22":"tag-topnews","23":"tag-trump-donald","24":"tag-wadephul-dr-johann","25":"tag-welt","26":"tag-world"},"share_on_mastodon":{"url":"https:\/\/pubeurope.com\/@de\/115326588555267620","error":""},"_links":{"self":[{"href":"https:\/\/www.europesays.com\/de\/wp-json\/wp\/v2\/posts\/477112","targetHints":{"allow":["GET"]}}],"collection":[{"href":"https:\/\/www.europesays.com\/de\/wp-json\/wp\/v2\/posts"}],"about":[{"href":"https:\/\/www.europesays.com\/de\/wp-json\/wp\/v2\/types\/post"}],"author":[{"embeddable":true,"href":"https:\/\/www.europesays.com\/de\/wp-json\/wp\/v2\/users\/2"}],"replies":[{"embeddable":true,"href":"https:\/\/www.europesays.com\/de\/wp-json\/wp\/v2\/comments?post=477112"}],"version-history":[{"count":0,"href":"https:\/\/www.europesays.com\/de\/wp-json\/wp\/v2\/posts\/477112\/revisions"}],"wp:featuredmedia":[{"embeddable":true,"href":"https:\/\/www.europesays.com\/de\/wp-json\/wp\/v2\/media\/477113"}],"wp:attachment":[{"href":"https:\/\/www.europesays.com\/de\/wp-json\/wp\/v2\/media?parent=477112"}],"wp:term":[{"taxonomy":"category","embeddable":true,"href":"https:\/\/www.europesays.com\/de\/wp-json\/wp\/v2\/categories?post=477112"},{"taxonomy":"post_tag","embeddable":true,"href":"https:\/\/www.europesays.com\/de\/wp-json\/wp\/v2\/tags?post=477112"}],"curies":[{"name":"wp","href":"https:\/\/api.w.org\/{rel}","templated":true}]}}