{"id":477193,"date":"2025-10-06T10:30:16","date_gmt":"2025-10-06T10:30:16","guid":{"rendered":"https:\/\/www.europesays.com\/de\/477193\/"},"modified":"2025-10-06T10:30:16","modified_gmt":"2025-10-06T10:30:16","slug":"naechtliche-zugausfaelle-am-hauptbahnhof-wegen-neuer-technik","status":"publish","type":"post","link":"https:\/\/www.europesays.com\/de\/477193\/","title":{"rendered":"N\u00e4chtliche Zugausf\u00e4lle am Hauptbahnhof wegen neuer Technik"},"content":{"rendered":"<p>Stellwerk-Umstellung in der Nacht <\/p>\n<p>Neue Technik legt Bremer Hauptbahnhof lahm<\/p>\n<p>06.10.2025 &#8211; 11:42 UhrLesedauer: 1 Min.<\/p>\n<p><a href=\"#focus-0\" class=\"transition-colors duration-200 block text-current relative\" data-sctrack=\"FocusGalleryImage.Reference\"><img fetchpriority=\"high\" data-testid=\"Opener.Image\" style=\"--lqipURL:url('https:\/\/images.t-online.de\/2025\/10\/nacUHA5BCJea\/709x540:3291x1851\/fit-in\/150x0\/filters:blur(25)\/regionalzuege-am-bremer-hauptbahnhof-symbolfoto-in-der-nacht-stand-der-zugverkehr-still.jpg')\"   loading=\"eager\" src=\"https:\/\/www.europesays.com\/de\/wp-content\/uploads\/2025\/10\/regionalzuege-am-bremer-hauptbahnhof-symbolfoto-in-der-nacht-stand-der-zugverkehr-still.jpg\" alt=\"Regionalz\u00fcge am Bremer Hauptbahnhof (Symbolfoto): In der Nacht stand der Zugverkehr still.\" title=\"Regionalz\u00fcge am Bremer Hauptbahnhof (Symbolfoto): In der Nacht stand der Zugverkehr still.\" width=\"3291\" height=\"1851\" class=\"bg-[url:var(--lqipURL)] bg-cover bg-center flex h-full w-full max-w-full\" decoding=\"async\"\/><img style=\"--width:32;--height:32\" loading=\"lazy\" src=\"https:\/\/www.t-online.de\/s\/paper\/_next\/static\/media\/zoom-in.f7dae02f.svg\" alt=\"Vergr\u00f6\u00dfern des Bildes\" title=\"Vergr\u00f6\u00dfern des Bildes\" class=\"block h-[calc(var(--height)_\/_16_*_1rem)] w-[calc(var(--width)_\/_16_*_1rem)] max-w-none absolute bottom-8 right-8 rounded-4 bg-snow p-8\" decoding=\"async\"\/><\/a><\/p>\n<p>Regionalz\u00fcge am Bremer Hauptbahnhof (Symbolfoto): Nach der n\u00e4chtlichen Sperrung l\u00e4uft der Bahnverkehr wieder planm\u00e4\u00dfig. (Quelle: imagebroker\/imago-images-bilder)<\/p>\n<p class=\"font-bold text-18 leading-17\">Seit Sonntagabend stand der Zugverkehr rund um den Bremer Hauptbahnhof still. Inzwischen rollen die Z\u00fcge wieder, doch eine wichtige Strecke bleibt gesperrt.<\/p>\n<p class=\"text-18 leading-17\">Nach mehreren Stunden Stillstand ist der <a class=\"transition-colors duration-200 cursor-pointer text-inherit no-underline text-salemsfur md:hover:text-magenta md:hover:border-magenta md:focus:text-magenta border-current border-b border-solid break-words\" href=\"https:\/\/www.t-online.de\/themen\/zugverkehr\/\" data-sctrack=\"BodyAnchor\" target=\"_blank\" rel=\"noopener\">Zugverkehr<\/a> \u00fcber den Bremer Hauptbahnhof am fr\u00fchen Montagmorgen wieder angelaufen. Die <a class=\"transition-colors duration-200 cursor-pointer text-inherit no-underline text-salemsfur md:hover:text-magenta md:hover:border-magenta md:focus:text-magenta border-current border-b border-solid break-words\" href=\"https:\/\/www.t-online.de\/themen\/deutsche-bahn\/\" data-sctrack=\"BodyAnchor\" target=\"_blank\" rel=\"noopener\">Deutsche Bahn<\/a> hatte den Verkehr von Sonntagabend bis Montagfr\u00fch unterbrochen, um ein neues elektronisches Stellwerk in Betrieb zu nehmen.<\/p>\n<p class=\"text-18 leading-17\">F\u00fcr die technische Umstellung seien Zeitr\u00e4ume ohne Zugverkehr notwendig, teilte die Bahn weiter mit. Deshalb bleibt der Abschnitt zwischen Bremen-Burg und Bremen-Vegesack noch bis zum 14. Oktober gesperrt. In dieser Zeit werden Signale, Weichen und Bahn\u00fcberg\u00e4nge an die neue Technik angeschlossen.<\/p>\n<p class=\"text-18 leading-17\">Mit dem neuen Stellwerk ersetzt die Bahn \u00e4ltere Anlagen in der Region. Sie sollen die Steuerung des Bahnverkehrs zuverl\u00e4ssiger und leistungsf\u00e4higer machen. Ziel sei es, infrastrukturbedingte St\u00f6rungen zu reduzieren und die P\u00fcnktlichkeit zu verbessern.<\/p>\n","protected":false},"excerpt":{"rendered":"Stellwerk-Umstellung in der Nacht Neue Technik legt Bremer Hauptbahnhof lahm 06.10.2025 &#8211; 11:42 UhrLesedauer: 1 Min. Regionalz\u00fcge am&hellip;\n","protected":false},"author":2,"featured_media":477194,"comment_status":"","ping_status":"","sticky":false,"template":"","format":"standard","meta":{"footnotes":""},"categories":[1824],"tags":[722,2420,3364,2030,29,30,3601,2869],"class_list":{"0":"post-477193","1":"post","2":"type-post","3":"status-publish","4":"format-standard","5":"has-post-thumbnail","7":"category-bremen","8":"tag-722","9":"tag-bremen","10":"tag-de","11":"tag-deutsche-bahn","12":"tag-deutschland","13":"tag-germany","14":"tag-hauptbahnhof","15":"tag-zugverkehr"},"share_on_mastodon":{"url":"https:\/\/pubeurope.com\/@de\/115326761456725641","error":""},"_links":{"self":[{"href":"https:\/\/www.europesays.com\/de\/wp-json\/wp\/v2\/posts\/477193","targetHints":{"allow":["GET"]}}],"collection":[{"href":"https:\/\/www.europesays.com\/de\/wp-json\/wp\/v2\/posts"}],"about":[{"href":"https:\/\/www.europesays.com\/de\/wp-json\/wp\/v2\/types\/post"}],"author":[{"embeddable":true,"href":"https:\/\/www.europesays.com\/de\/wp-json\/wp\/v2\/users\/2"}],"replies":[{"embeddable":true,"href":"https:\/\/www.europesays.com\/de\/wp-json\/wp\/v2\/comments?post=477193"}],"version-history":[{"count":0,"href":"https:\/\/www.europesays.com\/de\/wp-json\/wp\/v2\/posts\/477193\/revisions"}],"wp:featuredmedia":[{"embeddable":true,"href":"https:\/\/www.europesays.com\/de\/wp-json\/wp\/v2\/media\/477194"}],"wp:attachment":[{"href":"https:\/\/www.europesays.com\/de\/wp-json\/wp\/v2\/media?parent=477193"}],"wp:term":[{"taxonomy":"category","embeddable":true,"href":"https:\/\/www.europesays.com\/de\/wp-json\/wp\/v2\/categories?post=477193"},{"taxonomy":"post_tag","embeddable":true,"href":"https:\/\/www.europesays.com\/de\/wp-json\/wp\/v2\/tags?post=477193"}],"curies":[{"name":"wp","href":"https:\/\/api.w.org\/{rel}","templated":true}]}}