{"id":477521,"date":"2025-10-06T13:37:18","date_gmt":"2025-10-06T13:37:18","guid":{"rendered":"https:\/\/www.europesays.com\/de\/477521\/"},"modified":"2025-10-06T13:37:18","modified_gmt":"2025-10-06T13:37:18","slug":"ein-kinderbuch-aus-koenigsdorf-ueber-wunder-ist-selbst-ein-wunder-bad-toelz-wolfratshausen","status":"publish","type":"post","link":"https:\/\/www.europesays.com\/de\/477521\/","title":{"rendered":"Ein Kinderbuch aus K\u00f6nigsdorf \u00fcber Wunder ist selbst ein Wunder &#8211; Bad T\u00f6lz-Wolfratshausen"},"content":{"rendered":"<p data-manual=\"paragraph\" data-schema-org-speakable=\"true\" class=\"css-1eosz7k\">Der Tag, an dem Mumpelmoff in Bo Starkers Leben geflattert kam, war einer der schw\u00e4rzesten in ihrem Leben. Ihr damals f\u00fcnfj\u00e4hriger Sohn war am Spielplatz von anderen Kindern geh\u00e4nselt und ausgegrenzt worden. Und dann hatte er ihr die Frage gestellt: \u201eMama, bin ich behindert?\u201c Dieses Wort sei zuvor zwischen ihnen nie gefallen, sagt Starker. Sie habe ihn immer besch\u00fctzen wollen. \u201eIch konnte nicht antworten. Ich habe nur gezittert.\u201c Ihre Tochter, damals elf, habe versucht, sie zu tr\u00f6sten.<\/p>\n<p data-manual=\"paragraph\" data-schema-org-speakable=\"true\" class=\"css-1eosz7k\">Auf der Heimfahrt blieb ihr Auto liegen. \u201eIch war alleinerziehend, hatte kein Geld und keine Kraft mehr\u201c, sagt Starker. Als sie Stunden sp\u00e4ter weinend in ihrem Atelier sa\u00df, sei es passiert. \u201eAus meiner Lieblingsstrickjacke kam eine Motte geflogen. Erst wollte ich sie zerdr\u00fccken, aber sie hat so sch\u00f6n im Abendlicht geglitzert.\u201c Und da habe sie gewusst, dass sie ihrem Sohn, der mit Autismus und einer leichten halbseitigen L\u00e4hmung lebt, als Antwort auf seine Frage eine Geschichte schreiben w\u00fcrde. Die Geschichte einer Motte, die in einem verlassenen Schloss, dem Morl-Haus, wohnt und von einer gro\u00dfen Sehnsucht erfasst wird.<\/p>\n<p data-manual=\"paragraph\" data-schema-org-speakable=\"true\" class=\"css-1eosz7k\">Sie griff zu Stift und Notizblock, schrieb die Nacht hindurch, und am n\u00e4chsten Morgen war Mumpelmoff in der Welt. \u201eEin braunes Rundherum auf kurzen Beinen. Kleine Fl\u00fcgel hinten und ein pelziger Bauch vorn\u201c, so steht es in Kapitel 1 ihres im Kosmos-Verlag erschienenen Erstlings.<\/p>\n<p data-manual=\"paragraph\" data-schema-org-speakable=\"true\" class=\"css-1eosz7k\">Dass dieses Buch jetzt auf ihrem Tisch liegt, dass Rufus Beck das H\u00f6rbuch eingelesen hat und \u201eMumpelmoff\u201c auf dem Literaturfest Ruhr und der Frankfurter Buchmesse vorstellt, all das kann Starker nicht ganz glauben. \u201eDas ist ein kleines Wunder\u201c, sagt sie.<\/p>\n<p><img decoding=\"async\" src=\"https:\/\/www.europesays.com\/de\/wp-content\/uploads\/2025\/10\/d26211c4-6443-4533-8da7-bbcfd8aa2c5a.jpg\"   alt=\"Das Morl-Haus gibt es nicht nur im Buch. Bo Starker hat es zusammen mit ihren Kindern auch gebaut und eingerichtet .\" loading=\"lazy\" class=\"css-8atqhb\"\/>Das Morl-Haus gibt es nicht nur im Buch. Bo Starker hat es zusammen mit ihren Kindern auch gebaut und eingerichtet . (Foto: Privat)<\/p>\n<p data-manual=\"paragraph\" data-schema-org-speakable=\"true\" class=\"css-1eosz7k\">Fast sechs Jahre sind seit dem schwarzen Motten-Tag vergangen. Aus den Skizzen jener Nacht ist eine vergn\u00fcgliche Geschichte voller Wortspielereien geworden, zu der man sich, wenn es \u201eschlechtgewettert\u201c, am besten einen \u201eSockentee\u201c kocht (als Motte) oder sich ein anderes \u201eGetrinkdings\u201c an die Leselampe stellt. Denn das Abenteuer, das Mumpelmoff und sein Begleiter Kleinmeins, ein Luftballon, vor sich haben, erstreckt sich \u00fcber 140 Seiten und ist in Illustrationen eingebettet, die das Morl-Haus in all seinen Winkeln ausleuchten.<\/p>\n<p>\u201eWeil ich das so fl\u00fcstern h\u00f6re, ich lieb das so!\u201c<\/p>\n<p data-manual=\"paragraph\" data-schema-org-speakable=\"true\" class=\"css-1eosz7k\">Nun ist Starker nicht nur eine Malerin, die sich auf fotorealistische Portr\u00e4ts versteht, sie ist vor allem eine fantastische Puppenhaus-Erbauerin. Auch das Morl-Haus hat sie zusammen mit ihren Kindern erschaffen. Drei Meter hoch und windschief l\u00e4dt es zu wunderbaren Entdeckungen ein. Da gibt es Ohrenbackensessel und staubige B\u00fccherregale, Wasserspeier und warm leuchtende Feuerstellen, einen Speiseaufzug und nat\u00fcrlich den kleinen Kaufmannsladen im S\u00fcdturm-St\u00fcberl, in dem Mumpelmoff schl\u00e4ft.<\/p>\n<p><img decoding=\"async\" src=\"https:\/\/www.europesays.com\/de\/wp-content\/uploads\/2025\/10\/5b370150-1e43-45d6-964c-100eee67c76a.jpg\"   alt=\"Jetzt noch ein Sockentee! Bo Starker hat ihren Kindern schon immer gern vorgelesen.\" loading=\"lazy\" class=\"css-8atqhb\"\/>Jetzt noch ein Sockentee! Bo Starker hat ihren Kindern schon immer gern vorgelesen. (Foto: Manfred Neubauer)<img decoding=\"async\" src=\"https:\/\/www.europesays.com\/de\/wp-content\/uploads\/2025\/10\/df106b07-a77b-403a-a079-f0327af9dbc9.jpg\"   alt=\"Der alte Kaufmannsladen diente als Vorbild f\u00fcr Mumpelmoffs Zuhause.\" loading=\"lazy\" class=\"css-8atqhb\"\/>Der alte Kaufmannsladen diente als Vorbild f\u00fcr Mumpelmoffs Zuhause. (Foto: Manfred Neubauer)<\/p>\n<p data-manual=\"paragraph\" data-schema-org-speakable=\"true\" class=\"css-1eosz7k\">Beim Einrichten sei sie noch einmal in die Welt ihrer Kindheit in Dresden geschl\u00fcpft, erz\u00e4hlt sie. \u201eMein Papa hat mit alten Sachen gehandelt, wir haben viel Zeit in verlassenen H\u00e4usern und auf staubigen Dachb\u00f6den verbracht.\u201c Schon als kleines M\u00e4dchen habe sie ein Faible \u201ef\u00fcr das ganze alte Gerassel\u201c gehabt, sagt sie. \u201eWeil ich das so fl\u00fcstern h\u00f6re, ich lieb\u2019 das so!\u201c<\/p>\n<p data-manual=\"paragraph\" data-schema-org-speakable=\"true\" class=\"css-1eosz7k\">Kein Wunder also, dass ihr Atelier \u2013 sie nennt es \u201eRums-Kabuff\u201c\u00a0\u2013 eine verbl\u00fcffende \u00c4hnlichkeit mit dem S\u00fcdturm-St\u00fcberl aufweist, so wie sie es in ihrem Buch beschrieben und gemalt hat: \u201eein unaufger\u00e4umtes, geheimnisvolles Reich voll staubiger Kisten, uralter Koffer, Krimskrams in Kartons und lauter merkw\u00fcrdiger Sachen\u201c. In einem Regal entdeckt man Mumpelmoffs Kaufmannsladen wieder, es ist ein Herzensst\u00fcck aus ihrer Kindheit.<\/p>\n<p data-manual=\"paragraph\" data-schema-org-speakable=\"true\" class=\"css-1eosz7k\">\u201eEr war wertvoll, wir h\u00e4tten das Geld gut gebrauchen k\u00f6nnen, aber ich wollte ihn unbedingt behalten. Und mein Papa hat ihn mir geschenkt.\u201c Von ihrem Vater habe sie alles gelernt, sagt sie, zeichnen, drechseln, Sachen finden. Auch nach seinem Tod sp\u00fcre sie eine starke Verbindung zu ihm.<\/p>\n<p><img decoding=\"async\" src=\"https:\/\/www.europesays.com\/de\/wp-content\/uploads\/2025\/10\/d47a87f6-ca89-46b6-89aa-2631d1748d9c.jpg\"   alt=\"Bo Starkers Zuhause erinnert an die Puppenschl\u00f6sser, die sie baut.\" loading=\"lazy\" class=\"css-8atqhb\"\/>Bo Starkers Zuhause erinnert an die Puppenschl\u00f6sser, die sie baut. (Foto: Stephanie Schwaderer)<img decoding=\"async\" src=\"https:\/\/www.europesays.com\/de\/wp-content\/uploads\/2025\/10\/51162136-c3fc-400b-a0d9-8f87d80fc612.jpg\"   alt=\"Die Ahnengalerie taucht in abgewandelter Form auch in Mumpelmoffs Welt auf.\" loading=\"lazy\" class=\"css-8atqhb\"\/>Die Ahnengalerie taucht in abgewandelter Form auch in Mumpelmoffs Welt auf. (Foto: Manfred Neubauer)<\/p>\n<p data-manual=\"paragraph\" data-schema-org-speakable=\"true\" class=\"css-1eosz7k\">W\u00e4hrend sie erz\u00e4hlt, huscht sie barfu\u00df durch ihr Zuhause, das auf fast schon magische Weise an ihre Puppenschl\u00f6sser erinnert, zieht hier ein Fundst\u00fcck, dort eine Zeichnung hervor, kocht Kaffee und schaut kurz nach den Igel-Babys, die sie in einer Holzkiste hochp\u00e4ppelt. Der Hirsch an der Wand tr\u00e4gt einen Sonnenhut, der Rehbock daneben Zylinder.<\/p>\n<p data-manual=\"paragraph\" data-schema-org-speakable=\"true\" class=\"css-1eosz7k\">Und Rufus Beck? Der habe durch Zufall eines Tages in der T\u00fcr gestanden, sagt sie. Ein Kunde, der ein Portr\u00e4t abholte, habe ihn mitgebracht. \u201eEr hat das Manuskript liegen sehen und mochte es. Und hat gesagt: Wenn es verlegt wird, mache ich das H\u00f6rbuch. Unglaublich, oder?\u201c<\/p>\n<p>\u201eIch sah aus wie eine Mumie. Aber das hat ihn \u00fcberhaupt nicht gest\u00f6rt.\u201c<\/p>\n<p data-manual=\"paragraph\" data-schema-org-speakable=\"true\" class=\"css-1eosz7k\">Nach ein bisschen Feenstaub klingt auch die Geschichte, wie sie viele Monate sp\u00e4ter ihren Verleger kennenlernte. Ein Freund hatte diesem ihre Bilder gezeigt, sie spontan per Videocall angerufen und dann einfach das Smartphone weitergereicht. \u201eDabei lag ich schon im Bett!\u201c, sagt Starker. \u201eIm Karo-Schlafanzug und mit einer Schwefelpuder-Maske im Gesicht. Ich sah aus wie eine Mumie. Aber das hat ihn \u00fcberhaupt nicht gest\u00f6rt.\u201c<\/p>\n<p data-manual=\"paragraph\" data-schema-org-speakable=\"true\" class=\"css-1eosz7k\">Mumpelmoff erkennt am Ende seiner Abenteuerreise, dass er sich nicht verstellen muss, um Freunde zu finden. Dass er, im Gegenteil, genauso sein darf, wie er ist. \u201eMein Sohn hat die Botschaft verstanden\u201c, sagt Starker. Er gehe gern auf die F\u00f6rderschule. \u201eUnd er ist das gl\u00fccklichste Kind, das ich kenne.\u201c<\/p>\n<p data-manual=\"paragraph\" data-schema-org-speakable=\"true\" class=\"css-1eosz7k\">\u201eMumpelmoff und das Wunder im Schloss\u201c ist im Kosmos-Verlag erschienen, eignet sich f\u00fcr Kinder ab f\u00fcnf Jahren und kostet 20 Euro.<\/p>\n","protected":false},"excerpt":{"rendered":"Der Tag, an dem Mumpelmoff in Bo Starkers Leben geflattert kam, war einer der schw\u00e4rzesten in ihrem Leben.&hellip;\n","protected":false},"author":2,"featured_media":477522,"comment_status":"","ping_status":"","sticky":false,"template":"","format":"standard","meta":{"footnotes":""},"categories":[1774],"tags":[23678,84224,1784,1785,29,214,30,3659,120969,3233,93,2339,13353,149,215],"class_list":{"0":"post-477521","1":"post","2":"type-post","3":"status-publish","4":"format-standard","5":"has-post-thumbnail","7":"category-buecher","8":"tag-autismus","9":"tag-bad-toelz-wolfratshausen","10":"tag-books","11":"tag-buecher","12":"tag-deutschland","13":"tag-entertainment","14":"tag-germany","15":"tag-integration","16":"tag-kultur-im-landkreis-bad-toelz-wolfratshausen","17":"tag-landkreis-bad-toelz-wolfratshausen","18":"tag-literatur","19":"tag-oberbayern","20":"tag-psychologie","21":"tag-sueddeutsche-zeitung","22":"tag-unterhaltung"},"share_on_mastodon":{"url":"https:\/\/pubeurope.com\/@de\/115327496895372961","error":""},"_links":{"self":[{"href":"https:\/\/www.europesays.com\/de\/wp-json\/wp\/v2\/posts\/477521","targetHints":{"allow":["GET"]}}],"collection":[{"href":"https:\/\/www.europesays.com\/de\/wp-json\/wp\/v2\/posts"}],"about":[{"href":"https:\/\/www.europesays.com\/de\/wp-json\/wp\/v2\/types\/post"}],"author":[{"embeddable":true,"href":"https:\/\/www.europesays.com\/de\/wp-json\/wp\/v2\/users\/2"}],"replies":[{"embeddable":true,"href":"https:\/\/www.europesays.com\/de\/wp-json\/wp\/v2\/comments?post=477521"}],"version-history":[{"count":0,"href":"https:\/\/www.europesays.com\/de\/wp-json\/wp\/v2\/posts\/477521\/revisions"}],"wp:featuredmedia":[{"embeddable":true,"href":"https:\/\/www.europesays.com\/de\/wp-json\/wp\/v2\/media\/477522"}],"wp:attachment":[{"href":"https:\/\/www.europesays.com\/de\/wp-json\/wp\/v2\/media?parent=477521"}],"wp:term":[{"taxonomy":"category","embeddable":true,"href":"https:\/\/www.europesays.com\/de\/wp-json\/wp\/v2\/categories?post=477521"},{"taxonomy":"post_tag","embeddable":true,"href":"https:\/\/www.europesays.com\/de\/wp-json\/wp\/v2\/tags?post=477521"}],"curies":[{"name":"wp","href":"https:\/\/api.w.org\/{rel}","templated":true}]}}