{"id":477681,"date":"2025-10-06T15:08:15","date_gmt":"2025-10-06T15:08:15","guid":{"rendered":"https:\/\/www.europesays.com\/de\/477681\/"},"modified":"2025-10-06T15:08:15","modified_gmt":"2025-10-06T15:08:15","slug":"weihnachtsmarkt-attentaeter-muss-sich-vor-dem-landgericht-verantworten-regional","status":"publish","type":"post","link":"https:\/\/www.europesays.com\/de\/477681\/","title":{"rendered":"Weihnachtsmarkt-Attent\u00e4ter muss sich vor dem Landgericht verantworten | Regional"},"content":{"rendered":"<p>Magdeburg\/Karlsruhe \u2013 <b>Jetzt ist klar, der Generalbundesanwalt in Karlsruhe wird den Fall um den mutma\u00dflichen Weihnachtsmarkt-Attent\u00e4ter Taleb Al-Abdulmohsen (50) nicht \u00fcbernehmen. Bedeutet im Umkehrschluss: Der Arzt aus Saudi-Arabien muss sich f\u00fcr seine Amokfahrt, bei der sechs Menschen ums Leben kamen, vor dem Landgericht Magdeburg verantworten. Der Prozess k\u00f6nnte damit noch im Oktober beginnen, best\u00e4tigt ist dies bislang aber noch nicht.<\/b><\/p>\n<p><a href=\"https:\/\/www.bild.de\/politik\/inland\/weihnachtsmarkt-attentat-von-magdeburg-war-es-doch-ein-terror-akt-68cc0247e257831613de1a5e\" class=\"text-link\" target=\"_blank\" rel=\"noopener\">Das Landgericht Magdeburg bezweifelte zuletzt seine Zust\u00e4ndigkeit, weil es den Tatkomplex als Staatsschutzverfahren einstufte.<\/a> Daher legte das Landgericht Mitte September einen 46 Seiten langen Beschluss und alle Akten zur Pr\u00fcfung einer \u00dcbernahme dem Generalbundesanwalt in Karlsruhe vor.<\/p>\n<p><img decoding=\"async\" width=\"992\" height=\"558\" alt=\"Generalbundesanwalt Jens Rommel (53) sieht in dem Weihnachtsmarkt-Attentat von Magdeburg kein Staatsschutzverfahren, sodass das Verfahren gegen Taleb Al-Abdulmohsen nun vor dem Landgericht stattfinden kann\" src=\"https:\/\/www.europesays.com\/de\/wp-content\/uploads\/2025\/10\/9574b72207ffe9926dc58aeae393be1b,c8ebabe5\"   class=\"landscape\" loading=\"lazy\"\/><\/p>\n<p class=\"fig__caption__text\">Generalbundesanwalt Jens Rommel (53) sieht in dem Weihnachtsmarkt-Attentat von Magdeburg kein Staatsschutzverfahren, sodass das Verfahren gegen Taleb Al-Abdulmohsen nun vor dem Landgericht stattfinden kann<\/p>\n<p>Foto: Bernd Wei\u00dfdpa<\/p>\n<p>Doch der Generalbundesanwalt Jens Rommel (53) stufte die Tat als \u201eAmokfahrt aus pers\u00f6nlicher Frustration\u201c ein \u2013 kein Terror, kein Fall f\u00fcr den Staatsschutz. Daraus folgt, dass das Verfahren nun am Landgericht bleibt und nicht vor dem Oberlandesgericht Naumburg gef\u00fchrt wird.<\/p>\n<p>Anklage wegen sechsfachen Mordes<\/p>\n<p><b>Die Generalstaatsanwaltschaft in Naumburg wirft\u00a0<\/b><a href=\"https:\/\/www.bild.de\/regional\/magdeburg\/magdeburg-attentaeter-schreibt-brief-ich-bin-bereit-weitere-deutsche-zu-schlachten-68939be55bfd36554e9e954b\" class=\"text-link\" target=\"_blank\" rel=\"noopener\"><b>Taleb\u00a0Al-Abdulmohsen<\/b><\/a><b> neben sechsfachem Mord auch versuchten Mord in 338 F\u00e4llen vor. Er soll am 20. Dezember 2024 mit einem Mietwagen \u00fcber den stark besuchten <\/b><a href=\"https:\/\/www.bild.de\/news\/attentat-auf-magdeburger-weihnachtsmarkt-anklage-gegen-taleb-a-68a471edce696d38816423e9\" class=\"text-link\" target=\"_blank\" rel=\"noopener\"><b>Weihnachtsmarkt in Magdeburg<\/b><\/a><b> (<\/b><a href=\"https:\/\/www.bild.de\/regional\/sachsen-anhalt\/sachsen-anhalt\/home-54527072.bild.html\" class=\"text-link\" target=\"_blank\" rel=\"noopener\"><b>Sachsen-Anhalt<\/b><\/a><b>) gefahren sein und\u00a0zahlreiche Menschen erfasst haben.<\/b><\/p>\n<p><img decoding=\"async\" width=\"992\" height=\"558\" alt=\"Der mutma\u00dfliche Weihnachtsmarkt-Attent\u00e4ter Taleb Al-Abdulmohsen muss vor dem Magdeburger Landgericht verantworten\" src=\"https:\/\/www.europesays.com\/de\/wp-content\/uploads\/2025\/10\/e7ca638f8da9af7e62edaa916254478f,f1f9c40d\"   class=\"landscape\" loading=\"lazy\"\/><\/p>\n<p class=\"fig__caption__text\">Der mutma\u00dfliche Weihnachtsmarkt-Attent\u00e4ter Taleb Al-Abdulmohsen muss vor dem Magdeburger Landgericht verantworten<\/p>\n<p>Foto: Shutterstock<\/p>\n<p>Ein neunj\u00e4hriger Junge und f\u00fcnf Frauen im Alter von 45 bis 75 Jahren starben damals. 309 Menschen wurden den Ermittlungen der Generalstaatsanwaltschaft zufolge verletzt, 29 Betroffene blieben k\u00f6rperlich unversehrt. Auch bei ihnen geht die Anklage jedoch von versuchtem Mord aus. Als Tatmotiv nennt die Generalstaatsanwaltschaft in ihrer Anklage \u201eUnzufriedenheit und Frustration\u201c.<\/p>\n<p>Mehr zum ThemaGerichtshalle f\u00fcr 1,7 Millionen Euro errichtet<\/p>\n<p><b>Voraussichtlich wird das Landgericht in Magdeburg am 13. Oktober auf Grundlage der im August erhobenen Anklage gegen Al-Abdulmohsen die Er\u00f6ffnung des Hauptverfahrens beschlie\u00dfen.<\/b><\/p>\n<p>Wegen der gro\u00dfen Zahl von Verfahrensbeteiligten wurde f\u00fcr den Prozess extra in <a href=\"https:\/\/www.bild.de\/regional\/magdeburg\/home-2H0BFHdgnJ0Fh9otEPDv\" class=\"text-link\" target=\"_blank\" rel=\"noopener\">Magdeburg<\/a> eine <a href=\"https:\/\/www.bild.de\/regional\/sachsen-anhalt\/pop-up-gericht-fuer-attentaeter-prozess-verschlingt-schon-vor-beginn-2-mio-euro-68d3a3e6d038d71e52611e3b\" class=\"text-link\" target=\"_blank\" rel=\"noopener\">Leichtbauhalle mit 700 Pl\u00e4tzen errichtet<\/a>, die vom Land eigens daf\u00fcr angemietet wird und bereits 1,7 Millionen Euro an Kosten verursacht hat. Es gebe kein anderes Gerichtsgeb\u00e4ude in Sachsen-Anhalt mit der notwendigen Kapazit\u00e4t, hie\u00df es.<\/p>\n<p><img decoding=\"async\" width=\"992\" height=\"558\" alt=\"Die extra errichtete Gerichtshalle f\u00fcr den Prozess in Magdeburg soll bis zu 700 Personen fassen\" src=\"https:\/\/www.europesays.com\/de\/wp-content\/uploads\/2025\/10\/6e5d6519ecfb1cb0ba2f6954c080d312,74ef99d3\"   class=\"landscape\" loading=\"lazy\"\/><\/p>\n<p class=\"fig__caption__text\">Die extra errichtete Gerichtshalle f\u00fcr den Prozess in Magdeburg soll bis zu 700 Personen fassen<\/p>\n<p>Foto: Christian Schroedter<\/p>\n<p>Hinweis: Im grafischen Teaser schrieben wir, dass bei dem Anschlag acht Menschen starben. Richtig ist aber, dass sechs Menschen starben. Wir haben den Fehler korrigiert und bitten, diesen zu entschuldigen.<\/p>\n","protected":false},"excerpt":{"rendered":"Magdeburg\/Karlsruhe \u2013 Jetzt ist klar, der Generalbundesanwalt in Karlsruhe wird den Fall um den mutma\u00dflichen Weihnachtsmarkt-Attent\u00e4ter Taleb Al-Abdulmohsen&hellip;\n","protected":false},"author":2,"featured_media":477682,"comment_status":"","ping_status":"","sticky":false,"template":"","format":"standard","meta":{"footnotes":""},"categories":[2],"tags":[1999,13774,10174,29,17931,1993,30,13,4933,120983,4063,2183,14,15,121,1269,860,12,12185,3447,10037,45,10,8,9,11,8497],"class_list":{"0":"post-477681","1":"post","2":"type-post","3":"status-publish","4":"format-standard","5":"has-post-thumbnail","7":"category-deutschland","8":"tag-anklage","9":"tag-anschlag","10":"tag-attentat","11":"tag-deutschland","12":"tag-generalbundesanwalt","13":"tag-gerichte","14":"tag-germany","15":"tag-headlines","16":"tag-landgericht","17":"tag-landgericht-magdeburg","18":"tag-magdeburg","19":"tag-mord","20":"tag-nachrichten","21":"tag-news","22":"tag-polizei","23":"tag-prozess","24":"tag-sachsen-anhalt","25":"tag-schlagzeilen","26":"tag-staatsanwalt","27":"tag-staatsschutz","28":"tag-terroranschlag","29":"tag-texttospeech","30":"tag-top-news","31":"tag-top-meldungen","32":"tag-topmeldungen","33":"tag-topnews","34":"tag-weihnachtsmarkt"},"share_on_mastodon":{"url":"https:\/\/pubeurope.com\/@de\/115327854692886702","error":""},"_links":{"self":[{"href":"https:\/\/www.europesays.com\/de\/wp-json\/wp\/v2\/posts\/477681","targetHints":{"allow":["GET"]}}],"collection":[{"href":"https:\/\/www.europesays.com\/de\/wp-json\/wp\/v2\/posts"}],"about":[{"href":"https:\/\/www.europesays.com\/de\/wp-json\/wp\/v2\/types\/post"}],"author":[{"embeddable":true,"href":"https:\/\/www.europesays.com\/de\/wp-json\/wp\/v2\/users\/2"}],"replies":[{"embeddable":true,"href":"https:\/\/www.europesays.com\/de\/wp-json\/wp\/v2\/comments?post=477681"}],"version-history":[{"count":0,"href":"https:\/\/www.europesays.com\/de\/wp-json\/wp\/v2\/posts\/477681\/revisions"}],"wp:featuredmedia":[{"embeddable":true,"href":"https:\/\/www.europesays.com\/de\/wp-json\/wp\/v2\/media\/477682"}],"wp:attachment":[{"href":"https:\/\/www.europesays.com\/de\/wp-json\/wp\/v2\/media?parent=477681"}],"wp:term":[{"taxonomy":"category","embeddable":true,"href":"https:\/\/www.europesays.com\/de\/wp-json\/wp\/v2\/categories?post=477681"},{"taxonomy":"post_tag","embeddable":true,"href":"https:\/\/www.europesays.com\/de\/wp-json\/wp\/v2\/tags?post=477681"}],"curies":[{"name":"wp","href":"https:\/\/api.w.org\/{rel}","templated":true}]}}