{"id":477821,"date":"2025-10-06T16:24:15","date_gmt":"2025-10-06T16:24:15","guid":{"rendered":"https:\/\/www.europesays.com\/de\/477821\/"},"modified":"2025-10-06T16:24:15","modified_gmt":"2025-10-06T16:24:15","slug":"koenigin-camilla-trauert-um-freundin-und-autorin-jilly-cooper","status":"publish","type":"post","link":"https:\/\/www.europesays.com\/de\/477821\/","title":{"rendered":"K\u00f6nigin Camilla trauert um Freundin und Autorin Jilly Cooper"},"content":{"rendered":"<p>Jilly Cooper ist tot <\/p>\n<p>K\u00f6nigin Camilla trauert um ihre Freundin<\/p>\n<p>06.10.2025 &#8211; 16:44 UhrLesedauer: 1 Min.<\/p>\n<p><a href=\"#focus-0\" class=\"transition-colors duration-200 block text-current relative\" data-sctrack=\"FocusGalleryImage.Reference\"><img fetchpriority=\"high\" data-testid=\"Opener.Image\" style=\"--lqipURL:url('https:\/\/images.t-online.de\/2025\/10\/yW3WdG54AlYR\/417x147:3455x1944\/fit-in\/150x0\/filters:blur(25)\/koenigin-camilla-und-jilly-cooper-die-frauen-waren-privat-miteinander-verbunden.jpg')\"   loading=\"eager\" src=\"https:\/\/www.europesays.com\/de\/wp-content\/uploads\/2025\/10\/koenigin-camilla-und-jilly-cooper-die-frauen-waren-privat-miteinander-verbunden.jpg\" alt=\"K\u00f6nigin Camilla und Jilly Cooper: Die Frauen waren privat miteinander verbunden.\" title=\"K\u00f6nigin Camilla und Jilly Cooper: Die Frauen waren privat miteinander verbunden.\" width=\"3455\" height=\"1944\" class=\"bg-[url:var(--lqipURL)] bg-cover bg-center flex h-full w-full max-w-full\" decoding=\"async\"\/><img style=\"--width:32;--height:32\" loading=\"lazy\" src=\"https:\/\/www.t-online.de\/s\/paper\/_next\/static\/media\/zoom-in.f7dae02f.svg\" alt=\"Vergr\u00f6\u00dfern des Bildes\" title=\"Vergr\u00f6\u00dfern des Bildes\" class=\"block h-[calc(var(--height)_\/_16_*_1rem)] w-[calc(var(--width)_\/_16_*_1rem)] max-w-none absolute bottom-8 right-8 rounded-4 bg-snow p-8\" decoding=\"async\"\/><\/a><\/p>\n<p>K\u00f6nigin Camilla und Jilly Cooper: Die Frauen waren privat miteinander verbunden. (Quelle: IMAGO\/Pool \/ i-Images)<\/p>\n<p class=\"font-bold text-18 leading-17\">Sie war Autorin zahlreicher Liebesromane und galt als Freundin des britischen K\u00f6nigspaars: Jetzt ist Autorin Jilly Cooper mit 88 Jahren gestorben.<\/p>\n<p class=\"text-18 leading-17\">Trauer im britischen K\u00f6nigshaus: Die britische Romanautorin Jilly Cooper ist am Sonntag nach einem Sturz im Alter von 88 Jahren gestorben. Das teilte ihre Agentur Curtis Brown in einem Statement mit. &#8222;Ihr unerwarteter Tod ist ein v\u00f6lliger Schock&#8220;, schrieben ihre Kinder Felix und Emily laut der Mitteilung.<\/p>\n<p class=\"text-18 leading-17\">Jilly Cooper galt als Freundin von <a class=\"transition-colors duration-200 cursor-pointer text-inherit no-underline text-salemsfur md:hover:text-magenta md:hover:border-magenta md:focus:text-magenta border-current border-b border-solid break-words\" href=\"https:\/\/www.t-online.de\/themen\/koenig-charles\/\" data-sctrack=\"BodyAnchor\" rel=\"nofollow noopener\" target=\"_blank\">K\u00f6nig Charles<\/a> III. und K\u00f6nigin Camilla. Letztere ver\u00f6ffentlichte auf dem offiziellen Instagram-Kanal des Palasts eine Stellungnahme. Sie sei best\u00fcrzt, von dem Tod ihrer Freundin zu erfahren. &#8222;Nur sehr wenige Schriftsteller werden zu Lebzeiten zu einer Legende, aber Jilly war eine davon. Sie schuf ein ganz neues Literaturgenre und machte es sich im Laufe ihrer \u00fcber f\u00fcnf Jahrzehnte w\u00e4hrenden Karriere zu eigen&#8220;, wurde die K\u00f6nigin zitiert.<\/p>\n<p class=\"text-18 leading-17\">Als eine &#8222;wunderbar witzige und mitf\u00fchlende Freundin&#8220; bezeichnete Camilla Jilly Cooper weiter. &#8222;Gemeinsam mit meinem Ehemann, dem K\u00f6nig, spreche ich ihrer ganzen Familie unser Mitgef\u00fchl und unsere Anteilnahme aus. Und m\u00f6ge ihr Jenseits voller unglaublich gutaussehender M\u00e4nner und treuer Hunde sein&#8220;, schloss sie ihr Statement.<\/p>\n<p class=\"text-18 leading-17\">Am bekanntesten war Jilly Cooper nach Angaben der Nachrichtenagentur PA f\u00fcr ihre Liebesromane der Reihe Rutshire Chronicles mit dem Springreiter Rupert Campbell-Black als Protagonist. Eines der B\u00fccher, &#8222;Rivals&#8220;, wurde zuletzt von Disney+ als Fernsehserie adaptiert.<\/p>\n","protected":false},"excerpt":{"rendered":"Jilly Cooper ist tot K\u00f6nigin Camilla trauert um ihre Freundin 06.10.2025 &#8211; 16:44 UhrLesedauer: 1 Min. K\u00f6nigin Camilla&hellip;\n","protected":false},"author":2,"featured_media":477822,"comment_status":"","ping_status":"","sticky":false,"template":"","format":"standard","meta":{"footnotes":""},"categories":[155],"tags":[91129,1758,120993,29,214,30,152,120992,8203,59870,215],"class_list":{"0":"post-477821","1":"post","2":"type-post","3":"status-publish","4":"format-standard","5":"has-post-thumbnail","7":"category-unterhaltung","8":"tag-91129","9":"tag-charles-iii","10":"tag-curtis-brown","11":"tag-deutschland","12":"tag-entertainment","13":"tag-germany","14":"tag-instagram","15":"tag-jilly-cooper","16":"tag-koenigin-camilla","17":"tag-koenigspaar","18":"tag-unterhaltung"},"share_on_mastodon":{"url":"https:\/\/pubeurope.com\/@de\/115328154180012169","error":""},"_links":{"self":[{"href":"https:\/\/www.europesays.com\/de\/wp-json\/wp\/v2\/posts\/477821","targetHints":{"allow":["GET"]}}],"collection":[{"href":"https:\/\/www.europesays.com\/de\/wp-json\/wp\/v2\/posts"}],"about":[{"href":"https:\/\/www.europesays.com\/de\/wp-json\/wp\/v2\/types\/post"}],"author":[{"embeddable":true,"href":"https:\/\/www.europesays.com\/de\/wp-json\/wp\/v2\/users\/2"}],"replies":[{"embeddable":true,"href":"https:\/\/www.europesays.com\/de\/wp-json\/wp\/v2\/comments?post=477821"}],"version-history":[{"count":0,"href":"https:\/\/www.europesays.com\/de\/wp-json\/wp\/v2\/posts\/477821\/revisions"}],"wp:featuredmedia":[{"embeddable":true,"href":"https:\/\/www.europesays.com\/de\/wp-json\/wp\/v2\/media\/477822"}],"wp:attachment":[{"href":"https:\/\/www.europesays.com\/de\/wp-json\/wp\/v2\/media?parent=477821"}],"wp:term":[{"taxonomy":"category","embeddable":true,"href":"https:\/\/www.europesays.com\/de\/wp-json\/wp\/v2\/categories?post=477821"},{"taxonomy":"post_tag","embeddable":true,"href":"https:\/\/www.europesays.com\/de\/wp-json\/wp\/v2\/tags?post=477821"}],"curies":[{"name":"wp","href":"https:\/\/api.w.org\/{rel}","templated":true}]}}