{"id":477896,"date":"2025-10-06T17:05:15","date_gmt":"2025-10-06T17:05:15","guid":{"rendered":"https:\/\/www.europesays.com\/de\/477896\/"},"modified":"2025-10-06T17:05:15","modified_gmt":"2025-10-06T17:05:15","slug":"messe-nuernberg-pop-das-festival-ist-gewachsen-oberfranken","status":"publish","type":"post","link":"https:\/\/www.europesays.com\/de\/477896\/","title":{"rendered":"Messe \u201eN\u00fcrnberg Pop\u201c: \u201eDas Festival ist gewachsen\u201c &#8211; Oberfranken"},"content":{"rendered":"<p> Die \u201eN\u00fcrnberg Pop\u201c l\u00e4dt in diesem Jahr von Donnerstag bis Samstag dieser Woche in verschiedene Locations der N\u00fcrnberger Altstadt, um eine Art Leistungsschau der Rock- und Popmusik-Szene zu pr\u00e4sentieren. Und zwar auch an durchaus ungew\u00f6hnlichen Orten: in Kirchen und Museen, in Bekleidungsgesch\u00e4ften und Plattenl\u00e4den \u2013 aber sogar auf D\u00e4chern, \u00f6ffentlichen Pl\u00e4tzen und selbstverst\u00e4ndlich in Livemusik-Clubs und Kulturzentren finden Konzerte im Rahmen dieses nach dem Reeperbahnfestival zweitgr\u00f6\u00dften Showcase-Events statt. Showcase-Festival \u2013 das meint nicht nur zahlreiche Livekonzerte, sondern zudem Workshops, Podiumsdiskussionen und \u00e4hnliche Formate, bei denen sich die Szene vernetzen kann. Auch ein Popkulturpreis wird in der Frankenmetropole in dieser Woche vergeben.<\/p>\n","protected":false},"excerpt":{"rendered":"Die \u201eN\u00fcrnberg Pop\u201c l\u00e4dt in diesem Jahr von Donnerstag bis Samstag dieser Woche in verschiedene Locations der N\u00fcrnberger&hellip;\n","protected":false},"author":2,"featured_media":477897,"comment_status":"","ping_status":"","sticky":false,"template":"","format":"standard","meta":{"footnotes":""},"categories":[1837],"tags":[772,121014,121009,121008,3364,29,121011,30,121013,3783,121005,121007,121012,121006,121010],"class_list":{"0":"post-477896","1":"post","2":"type-post","3":"status-publish","4":"format-standard","5":"has-post-thumbnail","7":"category-nuernberg","8":"tag-bayern","9":"tag-blackou-proble","10":"tag-club-stere","11":"tag-david-lodh","12":"tag-de","13":"tag-deutschland","14":"tag-elimako","15":"tag-germany","16":"tag-hellsongs","17":"tag-nuernberg","18":"tag-nuernberg-pop","19":"tag-nuernberg-pop-festival","20":"tag-reeperbahnfestival","21":"tag-showcas","22":"tag-universal-nusic"},"share_on_mastodon":{"url":"https:\/\/pubeurope.com\/@de\/115328314642366763","error":""},"_links":{"self":[{"href":"https:\/\/www.europesays.com\/de\/wp-json\/wp\/v2\/posts\/477896","targetHints":{"allow":["GET"]}}],"collection":[{"href":"https:\/\/www.europesays.com\/de\/wp-json\/wp\/v2\/posts"}],"about":[{"href":"https:\/\/www.europesays.com\/de\/wp-json\/wp\/v2\/types\/post"}],"author":[{"embeddable":true,"href":"https:\/\/www.europesays.com\/de\/wp-json\/wp\/v2\/users\/2"}],"replies":[{"embeddable":true,"href":"https:\/\/www.europesays.com\/de\/wp-json\/wp\/v2\/comments?post=477896"}],"version-history":[{"count":0,"href":"https:\/\/www.europesays.com\/de\/wp-json\/wp\/v2\/posts\/477896\/revisions"}],"wp:featuredmedia":[{"embeddable":true,"href":"https:\/\/www.europesays.com\/de\/wp-json\/wp\/v2\/media\/477897"}],"wp:attachment":[{"href":"https:\/\/www.europesays.com\/de\/wp-json\/wp\/v2\/media?parent=477896"}],"wp:term":[{"taxonomy":"category","embeddable":true,"href":"https:\/\/www.europesays.com\/de\/wp-json\/wp\/v2\/categories?post=477896"},{"taxonomy":"post_tag","embeddable":true,"href":"https:\/\/www.europesays.com\/de\/wp-json\/wp\/v2\/tags?post=477896"}],"curies":[{"name":"wp","href":"https:\/\/api.w.org\/{rel}","templated":true}]}}